{"id":199069,"date":"2025-03-27T14:08:11","date_gmt":"2025-03-27T17:08:11","guid":{"rendered":"https:\/\/corrientesdetarde.com\/?p=199069"},"modified":"2025-03-27T14:08:14","modified_gmt":"2025-03-27T17:08:14","slug":"la-municipalidad-propone-festival-para-las-mujeres-encuentro-cervecero-y-feria-k-anime","status":"publish","type":"post","link":"https:\/\/corrientesdetarde.com\/index.php\/eventos\/la-municipalidad-propone-festival-para-las-mujeres-encuentro-cervecero-y-feria-k-anime\/","title":{"rendered":"La Municipalidad propone festival para las mujeres, encuentro cervecero y feria K-Anim\u00e9\u00a0"},"content":{"rendered":"\n<p>Eventos al aire libre, traspaso de atributos de los Carnavales Barriales, m\u00fasica electr\u00f3nica, recorridos pedestres guiados, baile en la playa, son algunas de las actividades gratuitas que vecinos y turistas podr\u00e1n disfrutar este fin de semana en la ciudad.<\/p>\n\n\n\n<p>Este fin de semana, la Municipalidad de Corrientes diagram\u00f3 una serie de actividades gratuitas para que vecinos y visitantes disfruten a pleno. Las propuestas se desarrollar\u00e1n de viernes a domingo en diferentes espacios p\u00fablicos de la ciudad.<br>&nbsp;<br>El viernes, la tradicional Feria de Artesanos tendr\u00e1 lugar en la plaza Cabral, de 9 a 22, con una amplia variedad de creaciones \u00fanicas y productos locales. Mientras que el s\u00e1bado y domingo, desde las 9 y hasta las 22, se trasladar\u00e1 a Costanera Sur y Las Heras, brindando una oportunidad para disfrutar del paseo junto al r\u00edo y descubrir piezas \u00fanicas realizadas por emprendedores locales.<br>&nbsp;<br>A las 21, se realizar\u00e1 el traspaso de atributos a representantes 2025 de los Carnavales Barriales en el anfiteatro Jos\u00e9 Hern\u00e1ndez (Av. Costanera Gral. San Martin y Pago Largo) en las categor\u00edas infantiles, mayores, Rey Momo, embajadores y Roda de Samba. Representantes: femenino, masculino, de la diversidad, de la discapacidad, Rey Momo y Show de carnaval.<br>&nbsp;<br>El s\u00e1bado, desde las 17.30, en el escenario de madera de la playa Arazaty II (Av. Costanera Juan Pablo II y Necochea) se desarrollar\u00e1 una clase denominada \u201cBailando en la Playa\u201d en forma conjunta con Endorfina Dance y la Academia de danzas Rakhshanda.<br>&nbsp;<br>El s\u00e1bado, a las 19, se llevar\u00e1 adelante un festival art\u00edstico en el marco del cierre del Mes de la Mujer en el parque Camba Cu\u00e1 (Chaco entre Carlos Pellegrini y 9 de julio), donde se entregar\u00e1n reconocimientos en forma conjunta con la Fundaci\u00f3n Dorado. Actuar\u00e1n en la oportunidad: Vicky S\u00e1nchez, Silvina Escalante, Ana Paula Su\u00e1rez Grupo, Anal\u00eda Esp\u00edndola, Bianca Almir\u00f3n, Orquesta Chamam\u00e9 Ku\u00f1\u00e1, Mauri y el Arranke. Invitado especial: Ariel B\u00e1ez (Los Alonsitos) y el cierre ser\u00e1 a todo ritmo con Consuelo Castillo. Habr\u00e1 adem\u00e1s paseo de artesanos y gastron\u00f3micos.<br>&nbsp;<br>Tambi\u00e9n desde las 19, en el espig\u00f3n central de la playa Arazaty, se presentar\u00e1 una nueva edici\u00f3n del Muni Sunset: Set de m\u00fasica electr\u00f3nica con Gabriel Tarnoski, Franzizca y la artista visual: Francis Martina.<br>&nbsp;<br>Durante los d\u00edas viernes, s\u00e1bado y domingo se llevar\u00e1 adelante la 1\u00ba Expo Deportes, Educaci\u00f3n y Salud, de 16 a 23, en el Complejo Boca Center (Costanera Sur y Lamadrid). Este evento tendr\u00e1 como objetivo: exponer y fomentar el deporte, la educaci\u00f3n y la salud como bienestar integral, a la comunidad.<br>&nbsp;<br>Tambi\u00e9n durante los d\u00edas viernes y s\u00e1bado, la Costanera Juan Pablo II en su intersecci\u00f3n con la calle Lavalle recibir\u00e1 al \u201cFestival de San Patricio\u201d. De 19 a 3, tendr\u00e1 lugar la convocante Fiesta de la Cerveza con 22 barras invitadas, patio gastron\u00f3mico, barras de tragos y de gin tonic. El viernes amenizar\u00e1n la jornada: Dj Beto Cabrera, A Metros Roda y DJ Fede Barrientos (Full cachengue). En tanto que el s\u00e1bado lo har\u00e1n Dj Rafa Torreani \/ House &#8211; rock internacional \u2013 techno, Perro Solar (Tributo a Soda) y Dj Tomas Vallejos.<br>&nbsp;<br>DESCUBR\u00cd CORRIENTES<br>Adem\u00e1s, durante dos d\u00edas, el s\u00e1bado y el domingo, se realizar\u00e1n los recorridos de \u201cDescubr\u00ed Corrientes\u201d. El s\u00e1bado 29 de marzo, de 19 a 21, en la plaza 25 de mayo, con punto de encuentro en el Monumento al General San Mart\u00edn iniciar\u00e1 el guiado pedestre \u201cDescubr\u00ed Corrientes\u201d.<br>&nbsp;<br>Se trata de un recorrido hist\u00f3rico-cultural con duraci\u00f3n de dos horas aproximadamente. Con esta iniciativa se busca poner en valor los circuitos tur\u00edsticos de la ciudad y potenciar y promocionar el &#8220;Destino Corrientes\u201d. Los interesados en participar pueden hacerlo inscribi\u00e9ndose al:&nbsp;<a href=\"https:\/\/visitcorrientes.tur.ar\/descubri\/\" target=\"_blank\" rel=\"noreferrer noopener\">https:\/\/visitcorrientes.tur.ar\/descubri\/<\/a><br>&nbsp;<br>En tanto que el domingo 30, de 18 a 20, el destino de \u201cDescubr\u00ed Corrientes\u201d ser\u00e1 el cementerio San Juan Bautista. En este caso, el punto de encuentro ser\u00e1 la entrada principal. La tem\u00e1tica en este caso ser\u00e1 mausoleos de personalidades.<br>&nbsp;<br>ANIME Y PE\u00d1A<br>El domingo, de 15 a 22, en el parque Camba Cu\u00e1 desembarcar\u00e1 una nueva edici\u00f3n de la Feria K\u2013Anime con random, presentaci\u00f3n especial, concurso de k-pop, concurso de dibujo, trivia tem\u00e1tica, sorteos, concurso de cosplay y entrega de premios.<br>&nbsp;<br>Asimismo, desde las 16, en la Sociedad Espa\u00f1ola (Mendoza 530) se llevar\u00e1 adelante la 1\u00ba Etapa de la \u201cCopa Arand\u00fa\u201d Torneo de Ajedrez de las categor\u00edas: sub 8, 11, 14 y 17.&nbsp; Sistema Suizo \/ Ritmo 12 + 3. El objetivo de la actividad es desarrollar las capacidades y habilidades a trav\u00e9s del ajedrez, mediante una actividad instructiva, l\u00fadica y recreativa en un espacio gratuito y facilitador de la convivencia. Al finalizar se entregar\u00e1n premios.<br>&nbsp;<br>Para m\u00e1s informaci\u00f3n comunicarse al: 3464571158. Inscripci\u00f3n:&nbsp;<a href=\"https:\/\/bit.ly\/Copaarandu2025\" target=\"_blank\" rel=\"noreferrer noopener\">https:\/\/bit.ly\/Copaarandu2025<\/a><br>&nbsp;<br>En tanto que en el barrio San Ger\u00f3nimo (plaza Eucaliptal), de 16 a 23.30, tendr\u00e1 lugar el encuentro gratuito de danzas urbanas \u201cZona Style\u201d.<br>&nbsp;<br>Desde las 17, se llevar\u00e1 a cabo el Noveno Encuentro de Dados en la Corriente en Espacio Mari\u00f1o (Santa Fe 847). Se trata de juegos de rol con entrada gratuita.<br>&nbsp;<br>A partir de las 19, se festejar\u00e1 el 7\u00b0 aniversario de la &#8220;Pe\u00f1a Oficial de la Ciudad&#8221; en la rotonda plaza Espa\u00f1a (Av. Pujol y Carlos Pellegrini). En esta ocasi\u00f3n, actuar\u00e1n: el elenco municipal Los del Paran\u00e1, agrupaci\u00f3n Guepa Che, Maxi Soto Fern\u00e1ndez, Los Caminantes del Chamam\u00e9, Braian Acevedo, Los ahijados de los Chaqueche, La Gira Chamamecera, Los Intocables del Chamam\u00e9. Habr\u00e1 adem\u00e1s feria de emprendedores y gastron\u00f3micos.<\/p>\n\n\n\n<figure class=\"wp-block-image size-large\"><img loading=\"lazy\" decoding=\"async\" width=\"1024\" height=\"682\" src=\"https:\/\/corrientesdetarde.com\/wp-content\/uploads\/2025\/03\/image-1122-1024x682.png\" alt=\"\" class=\"wp-image-199071\" srcset=\"https:\/\/corrientesdetarde.com\/wp-content\/uploads\/2025\/03\/image-1122-1024x682.png 1024w, https:\/\/corrientesdetarde.com\/wp-content\/uploads\/2025\/03\/image-1122-300x200.png 300w, https:\/\/corrientesdetarde.com\/wp-content\/uploads\/2025\/03\/image-1122-768x512.png 768w, https:\/\/corrientesdetarde.com\/wp-content\/uploads\/2025\/03\/image-1122.png 1280w\" sizes=\"auto, (max-width: 1024px) 100vw, 1024px\" \/><\/figure>\n\n\n\n<figure class=\"wp-block-image size-large\"><img loading=\"lazy\" decoding=\"async\" width=\"1024\" height=\"682\" src=\"https:\/\/corrientesdetarde.com\/wp-content\/uploads\/2025\/03\/image-1123-1024x682.png\" alt=\"\" class=\"wp-image-199072\" srcset=\"https:\/\/corrientesdetarde.com\/wp-content\/uploads\/2025\/03\/image-1123-1024x682.png 1024w, https:\/\/corrientesdetarde.com\/wp-content\/uploads\/2025\/03\/image-1123-300x200.png 300w, https:\/\/corrientesdetarde.com\/wp-content\/uploads\/2025\/03\/image-1123-768x512.png 768w, https:\/\/corrientesdetarde.com\/wp-content\/uploads\/2025\/03\/image-1123.png 1280w\" sizes=\"auto, (max-width: 1024px) 100vw, 1024px\" \/><\/figure>\n\n\n\n<figure class=\"wp-block-image size-large\"><img loading=\"lazy\" decoding=\"async\" width=\"1024\" height=\"683\" src=\"https:\/\/corrientesdetarde.com\/wp-content\/uploads\/2025\/03\/image-1124-1024x683.png\" alt=\"\" class=\"wp-image-199073\" srcset=\"https:\/\/corrientesdetarde.com\/wp-content\/uploads\/2025\/03\/image-1124-1024x683.png 1024w, https:\/\/corrientesdetarde.com\/wp-content\/uploads\/2025\/03\/image-1124-300x200.png 300w, https:\/\/corrientesdetarde.com\/wp-content\/uploads\/2025\/03\/image-1124-768x512.png 768w, https:\/\/corrientesdetarde.com\/wp-content\/uploads\/2025\/03\/image-1124.png 1140w\" sizes=\"auto, (max-width: 1024px) 100vw, 1024px\" \/><\/figure>\n\n\n\n<figure class=\"wp-block-image size-large\"><img loading=\"lazy\" decoding=\"async\" width=\"819\" height=\"1024\" src=\"https:\/\/corrientesdetarde.com\/wp-content\/uploads\/2025\/03\/image-1125-819x1024.png\" alt=\"\" class=\"wp-image-199074\" srcset=\"https:\/\/corrientesdetarde.com\/wp-content\/uploads\/2025\/03\/image-1125-819x1024.png 819w, https:\/\/corrientesdetarde.com\/wp-content\/uploads\/2025\/03\/image-1125-240x300.png 240w, https:\/\/corrientesdetarde.com\/wp-content\/uploads\/2025\/03\/image-1125-768x960.png 768w, https:\/\/corrientesdetarde.com\/wp-content\/uploads\/2025\/03\/image-1125.png 1024w\" sizes=\"auto, (max-width: 819px) 100vw, 819px\" \/><\/figure>\n\n\n\n<figure class=\"wp-block-image size-large\"><img loading=\"lazy\" decoding=\"async\" width=\"819\" height=\"1024\" src=\"https:\/\/corrientesdetarde.com\/wp-content\/uploads\/2025\/03\/image-1126-819x1024.png\" alt=\"\" class=\"wp-image-199075\" srcset=\"https:\/\/corrientesdetarde.com\/wp-content\/uploads\/2025\/03\/image-1126-819x1024.png 819w, https:\/\/corrientesdetarde.com\/wp-content\/uploads\/2025\/03\/image-1126-240x300.png 240w, https:\/\/corrientesdetarde.com\/wp-content\/uploads\/2025\/03\/image-1126-768x960.png 768w, https:\/\/corrientesdetarde.com\/wp-content\/uploads\/2025\/03\/image-1126.png 1024w\" sizes=\"auto, (max-width: 819px) 100vw, 819px\" \/><\/figure>\n\n\n\n<figure class=\"wp-block-image size-large\"><img loading=\"lazy\" decoding=\"async\" width=\"819\" height=\"1024\" src=\"https:\/\/corrientesdetarde.com\/wp-content\/uploads\/2025\/03\/image-1127-819x1024.png\" alt=\"\" class=\"wp-image-199076\" srcset=\"https:\/\/corrientesdetarde.com\/wp-content\/uploads\/2025\/03\/image-1127-819x1024.png 819w, https:\/\/corrientesdetarde.com\/wp-content\/uploads\/2025\/03\/image-1127-240x300.png 240w, https:\/\/corrientesdetarde.com\/wp-content\/uploads\/2025\/03\/image-1127-768x960.png 768w, https:\/\/corrientesdetarde.com\/wp-content\/uploads\/2025\/03\/image-1127.png 1024w\" sizes=\"auto, (max-width: 819px) 100vw, 819px\" \/><\/figure>\n","protected":false},"excerpt":{"rendered":"<p>Eventos al aire libre, traspaso de atributos de los Carnavales Barriales, m\u00fasica electr\u00f3nica, recorridos pedestres guiados, baile en la playa, son algunas de las actividades gratuitas que vecinos y turistas&hellip; <\/p>\n","protected":false},"author":8,"featured_media":199070,"comment_status":"closed","ping_status":"open","sticky":false,"template":"","format":"standard","meta":{"footnotes":""},"categories":[22],"tags":[],"class_list":["post-199069","post","type-post","status-publish","format-standard","has-post-thumbnail","hentry","category-eventos"],"_links":{"self":[{"href":"https:\/\/corrientesdetarde.com\/index.php\/wp-json\/wp\/v2\/posts\/199069","targetHints":{"allow":["GET"]}}],"collection":[{"href":"https:\/\/corrientesdetarde.com\/index.php\/wp-json\/wp\/v2\/posts"}],"about":[{"href":"https:\/\/corrientesdetarde.com\/index.php\/wp-json\/wp\/v2\/types\/post"}],"author":[{"embeddable":true,"href":"https:\/\/corrientesdetarde.com\/index.php\/wp-json\/wp\/v2\/users\/8"}],"replies":[{"embeddable":true,"href":"https:\/\/corrientesdetarde.com\/index.php\/wp-json\/wp\/v2\/comments?post=199069"}],"version-history":[{"count":1,"href":"https:\/\/corrientesdetarde.com\/index.php\/wp-json\/wp\/v2\/posts\/199069\/revisions"}],"predecessor-version":[{"id":199077,"href":"https:\/\/corrientesdetarde.com\/index.php\/wp-json\/wp\/v2\/posts\/199069\/revisions\/199077"}],"wp:featuredmedia":[{"embeddable":true,"href":"https:\/\/corrientesdetarde.com\/index.php\/wp-json\/wp\/v2\/media\/199070"}],"wp:attachment":[{"href":"https:\/\/corrientesdetarde.com\/index.php\/wp-json\/wp\/v2\/media?parent=199069"}],"wp:term":[{"taxonomy":"category","embeddable":true,"href":"https:\/\/corrientesdetarde.com\/index.php\/wp-json\/wp\/v2\/categories?post=199069"},{"taxonomy":"post_tag","embeddable":true,"href":"https:\/\/corrientesdetarde.com\/index.php\/wp-json\/wp\/v2\/tags?post=199069"}],"curies":[{"name":"wp","href":"https:\/\/api.w.org\/{rel}","templated":true}]}}