{"id":199078,"date":"2025-03-27T14:15:11","date_gmt":"2025-03-27T17:15:11","guid":{"rendered":"https:\/\/corrientesdetarde.com\/?p=199078"},"modified":"2025-03-27T14:15:14","modified_gmt":"2025-03-27T17:15:14","slug":"el-gobierno-intimara-a-la-provincia-de-buenos-aires-y-santa-cruz-a-pagar-millonarias-deudas-con-los-hospitales","status":"publish","type":"post","link":"https:\/\/corrientesdetarde.com\/index.php\/politica\/el-gobierno-intimara-a-la-provincia-de-buenos-aires-y-santa-cruz-a-pagar-millonarias-deudas-con-los-hospitales\/","title":{"rendered":"El Gobierno intimar\u00e1 a la provincia de Buenos Aires y Santa Cruz a pagar millonarias deudas con los hospitales"},"content":{"rendered":"\n<p>El Ministerio de Salud de la Naci\u00f3n&nbsp;<strong>intim\u00f3 formalmente&nbsp;<\/strong>a las provincias de&nbsp;<strong>Buenos Aires y Santa Cruz&nbsp;<\/strong>a pagar las deudas que mantienen desde hace a\u00f1os con los hospitales del Servicio de Atenci\u00f3n M\u00e9dica Integral para la Comunidad (SAMIC).<\/p>\n\n\n\n<p>Desde la cartera sanitaria informaron que la decisi\u00f3n se tom\u00f3 luego de constatar que ambas provincias acumulan&nbsp;<strong>cinco a\u00f1os &#8220;sin cumplir con sus obligaciones&#8221;&nbsp;<\/strong>y que entre las dos adeudan&nbsp;<strong>m\u00e1s de 330 millones de d\u00f3lares.<\/strong><\/p>\n\n\n\n<p>De acuerdo al informe presentado por el Ministerio de Salud, la provincia de<strong>&nbsp;Buenos Aires<\/strong>&nbsp;<strong>adeuda 263 millones de d\u00f3lares,&nbsp;<\/strong>mientras que&nbsp;<strong>Santa Cruz<\/strong>&nbsp;debe m\u00e1s de&nbsp;<strong>66 millones de d\u00f3lares&nbsp;<\/strong>al SAMIC de El Calafate.<\/p>\n\n\n\n<p>&#8220;Los hospitales SAMIC fueron creados como entes interjurisdiccionales, financiados por la Naci\u00f3n y las provincias. La Naci\u00f3n cumpli\u00f3 con su parte, incluso m\u00e1s all\u00e1 de sus obligaciones contractuales. Las provincias, no&#8221;, se\u00f1alaron desde la cartera que conduce el ministro&nbsp;<strong>Mario Lugones<\/strong>.<\/p>\n\n\n\n<p>Desde el Ministerio de Salud lanzaron fuertes cr\u00edticas contra la gesti\u00f3n de Axel Kicillof: &#8220;<strong>Hace cinco a\u00f1os que no aporta lo que le corresponde<\/strong>, en un incumplimiento sostenido y sistem\u00e1tico que pone en riesgo la atenci\u00f3n sanitaria de millones de bonaerenses&#8221;.&nbsp;<\/p>\n\n\n\n<p>&#8220;Es importante recordar que la salud de la poblaci\u00f3n es responsabilidad primaria de cada jurisdicci\u00f3n, y al no pagar, Buenos Aires y Santa Cruz est\u00e1n desfinanciando los hospitales y perjudicando a sus propios ciudadanos, agregaron.<\/p>\n\n\n\n<p>En esa misma l\u00ednea, cerraron el fuerte comunicado: &#8220;No vamos a permitir que quienes tienen la responsabilidad de gestionar y financiar la salud p\u00fablica se desentiendan de sus obligaciones. La Ley es igual para todos y se debe cumplir, por el bien de todos los argentinos&#8221;.<\/p>\n\n\n\n<p><strong>Uno por uno, todos los hospitales a los que les debe la provincia de Buenos Aires<\/strong><\/p>\n\n\n\n<ul class=\"wp-block-list\">\n<li>Hospital El Cruce &#8211;\u00a0<strong>Florencio Varela.<\/strong>\u00a0Deuda:\u00a0<strong>US$178.037.000<\/strong><\/li>\n\n\n\n<li>Hospital Bicentenario &#8211;\u00a0<strong>Esteban Echeverr\u00eda<\/strong>. Deuda:\u00a0<strong>US$21.145.000<\/strong><\/li>\n\n\n\n<li>Hospital Cuenca Alta &#8211;\u00a0<strong>Ca\u00f1uelas<\/strong>. Deuda:\u00a0<strong>US$38.781.000<\/strong><\/li>\n\n\n\n<li>Hospital Dr. Ren\u00e9 Favaloro &#8211;\u00a0<strong>La Matanza<\/strong>. Deuda:\u00a0<strong>US$21.940.000<\/strong><\/li>\n\n\n\n<li>Hospital N\u00e9stor Kirchner &#8211;\u00a0<strong>La Matanza<\/strong>. Deuda:\u00a0<strong>US$3.852.000<\/strong><\/li>\n<\/ul>\n","protected":false},"excerpt":{"rendered":"<p>El Ministerio de Salud de la Naci\u00f3n&nbsp;intim\u00f3 formalmente&nbsp;a las provincias de&nbsp;Buenos Aires y Santa Cruz&nbsp;a pagar las deudas que mantienen desde hace a\u00f1os con los hospitales del Servicio de Atenci\u00f3n&hellip; <\/p>\n","protected":false},"author":8,"featured_media":199079,"comment_status":"closed","ping_status":"open","sticky":false,"template":"","format":"standard","meta":{"footnotes":""},"categories":[3],"tags":[],"class_list":["post-199078","post","type-post","status-publish","format-standard","has-post-thumbnail","hentry","category-politica"],"_links":{"self":[{"href":"https:\/\/corrientesdetarde.com\/index.php\/wp-json\/wp\/v2\/posts\/199078","targetHints":{"allow":["GET"]}}],"collection":[{"href":"https:\/\/corrientesdetarde.com\/index.php\/wp-json\/wp\/v2\/posts"}],"about":[{"href":"https:\/\/corrientesdetarde.com\/index.php\/wp-json\/wp\/v2\/types\/post"}],"author":[{"embeddable":true,"href":"https:\/\/corrientesdetarde.com\/index.php\/wp-json\/wp\/v2\/users\/8"}],"replies":[{"embeddable":true,"href":"https:\/\/corrientesdetarde.com\/index.php\/wp-json\/wp\/v2\/comments?post=199078"}],"version-history":[{"count":1,"href":"https:\/\/corrientesdetarde.com\/index.php\/wp-json\/wp\/v2\/posts\/199078\/revisions"}],"predecessor-version":[{"id":199080,"href":"https:\/\/corrientesdetarde.com\/index.php\/wp-json\/wp\/v2\/posts\/199078\/revisions\/199080"}],"wp:featuredmedia":[{"embeddable":true,"href":"https:\/\/corrientesdetarde.com\/index.php\/wp-json\/wp\/v2\/media\/199079"}],"wp:attachment":[{"href":"https:\/\/corrientesdetarde.com\/index.php\/wp-json\/wp\/v2\/media?parent=199078"}],"wp:term":[{"taxonomy":"category","embeddable":true,"href":"https:\/\/corrientesdetarde.com\/index.php\/wp-json\/wp\/v2\/categories?post=199078"},{"taxonomy":"post_tag","embeddable":true,"href":"https:\/\/corrientesdetarde.com\/index.php\/wp-json\/wp\/v2\/tags?post=199078"}],"curies":[{"name":"wp","href":"https:\/\/api.w.org\/{rel}","templated":true}]}}