{"id":199081,"date":"2025-03-27T14:26:30","date_gmt":"2025-03-27T17:26:30","guid":{"rendered":"https:\/\/corrientesdetarde.com\/?p=199081"},"modified":"2025-03-27T14:26:34","modified_gmt":"2025-03-27T17:26:34","slug":"habilitaron-las-primeras-ciudades-para-abonar-el-colectivo-con-nuevos-medios-de-pago-cuales-son","status":"publish","type":"post","link":"https:\/\/corrientesdetarde.com\/index.php\/economia\/habilitaron-las-primeras-ciudades-para-abonar-el-colectivo-con-nuevos-medios-de-pago-cuales-son\/","title":{"rendered":"Habilitaron las primeras ciudades para abonar el colectivo con nuevos medios de pago: cu\u00e1les son"},"content":{"rendered":"\n<p>Desde hoy, varias l\u00edneas de la Ciudad implementar\u00e1n estos m\u00e9todos. Conoc\u00e9 cu\u00e1les ser\u00e1n las pr\u00f3ximas localidades donde se prev\u00e9 una actualizaci\u00f3n del sistema de viajes.<\/p>\n\n\n\n<p>El\u00a0<strong>Ministerio de Econom\u00eda<\/strong>\u00a0anunci\u00f3 este\u00a0<strong>jueves 27 de marzo<\/strong>\u00a0que se habilitaron las\u00a0<strong>primeras ciudades\u00a0<\/strong>para pagar los\u00a0<strong>viajes en colectivo<\/strong>\u00a0con\u00a0<strong>nuevos m\u00e9todos de pago<\/strong>\u00a0adem\u00e1s de la\u00a0<strong>tarjeta SUBE<\/strong>.<\/p>\n\n\n\n<p>Desde hoy, se podr\u00e1 abonar el pasaje con&nbsp;<strong>tarjetas de d\u00e9bito<\/strong>,&nbsp;<strong>cr\u00e9dito&nbsp;<\/strong>y&nbsp;<strong>prepagas contactlesss&nbsp;<\/strong>de&nbsp;<em>Visa&nbsp;<\/em>y&nbsp;<em>Mastercard&nbsp;<\/em>de todos los bancos. Adem\u00e1s, se podr\u00e1n utilizar&nbsp;<strong>billeteras virtuales<\/strong>&nbsp;y&nbsp;<strong>relojes inteligentes<\/strong>&nbsp;para hacer el pago del boleto.<\/p>\n\n\n\n<figure class=\"wp-block-image\"><img decoding=\"async\" src=\"https:\/\/tn.com.ar\/resizer\/v2\/a-partir-de-hoy-se-puede-pagar-el-viaje-en-colectivo-con-diferentes-medios-de-pago-foto-tnleandro-heredia-7YJNAP6TFNHWVCSMJCWQDLYBKY.JPG?auth=fe69e05784aeea7fcd058442df5078177ea28f62c2b98281f55b3d396075b051&amp;width=767\" alt=\"A partir de hoy, se puede pagar el viaje en colectivo con diferentes medios de pago. (Foto: TN\/Leandro Heredia)\"\/><\/figure>\n\n\n\n<h2 class=\"wp-block-heading\">Cu\u00e1les son las ciudades en las que se habilitaron las nuevas formas de pago<\/h2>\n\n\n\n<p>Las nuevas formas de pago se habilitaron en las&nbsp;<strong>l\u00edneas 4<\/strong>,&nbsp;<strong>12<\/strong>,&nbsp;<strong>34<\/strong>,&nbsp;<strong>39<\/strong>,&nbsp;<strong>61<\/strong>,&nbsp;<strong>62&nbsp;<\/strong>y&nbsp;<strong>68&nbsp;<\/strong>de la&nbsp;<strong>Ciudad de Buenos Aires<\/strong>, la<strong>&nbsp;l\u00ednea 1<\/strong>&nbsp;que tiene su recorrido en el&nbsp;<strong>AMBA<\/strong>, la ciudad de&nbsp;<strong>Mendoza&nbsp;<\/strong>(colectivos y metrotranv\u00edas),&nbsp;<strong>Rafaela&nbsp;<\/strong>(Santa Fe) y&nbsp;<strong>R\u00edo<\/strong>&nbsp;<strong>Cuarto&nbsp;<\/strong>(C\u00f3rdoba).<\/p>\n\n\n\n<p>Se prev\u00e9 que las pr\u00f3ximas ciudades en las que habilitar\u00e1n los nuevos medios de pago ser\u00e1n&nbsp;<strong>Neuqu\u00e9n<\/strong>,&nbsp;<strong>San Luis<\/strong>,&nbsp;<strong>Tucum\u00e1n<\/strong>,&nbsp;<strong>Rosario<\/strong>,&nbsp;<strong>Azul<\/strong>,&nbsp;<strong>Tandil<\/strong>,&nbsp;<strong>Tornquist<\/strong>, entre otras.<\/p>\n\n\n\n<p>La&nbsp;<strong>habilitaci\u00f3n de otros medios de pago<\/strong>&nbsp;adem\u00e1s de la tarjeta SUBE&nbsp;<strong>en trenes&nbsp;<\/strong>se dar\u00e1 cuando se terminen de instalar los&nbsp;<strong>nuevos sistemas<\/strong>.<\/p>\n\n\n\n<p>El&nbsp;<strong>pago con QR<\/strong>&nbsp;estar\u00e1 disponible reci\u00e9n a&nbsp;<strong>finales de mayo<\/strong>&nbsp;para las localidades que cuenten con la implementaci\u00f3n de nuevos m\u00e9todos de pago y se har\u00e1&nbsp;<strong>seg\u00fan resoluci\u00f3n del Banco Central de la Rep\u00fablica Argentina<\/strong>.<\/p>\n","protected":false},"excerpt":{"rendered":"<p>Desde hoy, varias l\u00edneas de la Ciudad implementar\u00e1n estos m\u00e9todos. Conoc\u00e9 cu\u00e1les ser\u00e1n las pr\u00f3ximas localidades donde se prev\u00e9 una actualizaci\u00f3n del sistema de viajes. El\u00a0Ministerio de Econom\u00eda\u00a0anunci\u00f3 este\u00a0jueves 27&hellip; <\/p>\n","protected":false},"author":8,"featured_media":199082,"comment_status":"closed","ping_status":"open","sticky":false,"template":"","format":"standard","meta":{"footnotes":""},"categories":[20],"tags":[],"class_list":["post-199081","post","type-post","status-publish","format-standard","has-post-thumbnail","hentry","category-economia"],"_links":{"self":[{"href":"https:\/\/corrientesdetarde.com\/index.php\/wp-json\/wp\/v2\/posts\/199081","targetHints":{"allow":["GET"]}}],"collection":[{"href":"https:\/\/corrientesdetarde.com\/index.php\/wp-json\/wp\/v2\/posts"}],"about":[{"href":"https:\/\/corrientesdetarde.com\/index.php\/wp-json\/wp\/v2\/types\/post"}],"author":[{"embeddable":true,"href":"https:\/\/corrientesdetarde.com\/index.php\/wp-json\/wp\/v2\/users\/8"}],"replies":[{"embeddable":true,"href":"https:\/\/corrientesdetarde.com\/index.php\/wp-json\/wp\/v2\/comments?post=199081"}],"version-history":[{"count":1,"href":"https:\/\/corrientesdetarde.com\/index.php\/wp-json\/wp\/v2\/posts\/199081\/revisions"}],"predecessor-version":[{"id":199084,"href":"https:\/\/corrientesdetarde.com\/index.php\/wp-json\/wp\/v2\/posts\/199081\/revisions\/199084"}],"wp:featuredmedia":[{"embeddable":true,"href":"https:\/\/corrientesdetarde.com\/index.php\/wp-json\/wp\/v2\/media\/199082"}],"wp:attachment":[{"href":"https:\/\/corrientesdetarde.com\/index.php\/wp-json\/wp\/v2\/media?parent=199081"}],"wp:term":[{"taxonomy":"category","embeddable":true,"href":"https:\/\/corrientesdetarde.com\/index.php\/wp-json\/wp\/v2\/categories?post=199081"},{"taxonomy":"post_tag","embeddable":true,"href":"https:\/\/corrientesdetarde.com\/index.php\/wp-json\/wp\/v2\/tags?post=199081"}],"curies":[{"name":"wp","href":"https:\/\/api.w.org\/{rel}","templated":true}]}}