{"id":199089,"date":"2025-03-27T14:50:11","date_gmt":"2025-03-27T17:50:11","guid":{"rendered":"https:\/\/corrientesdetarde.com\/?p=199089"},"modified":"2025-03-27T14:50:16","modified_gmt":"2025-03-27T17:50:16","slug":"tension-en-la-marcha-de-ate-la-policia-rodeo-a-los-manifestantes-para-liberar-la-calle-y-hubo-tension","status":"publish","type":"post","link":"https:\/\/corrientesdetarde.com\/index.php\/politica\/tension-en-la-marcha-de-ate-la-policia-rodeo-a-los-manifestantes-para-liberar-la-calle-y-hubo-tension\/","title":{"rendered":"Tensi\u00f3n en la marcha de ATE: la Polic\u00eda rode\u00f3 a los manifestantes para liberar la calle y hubo tensi\u00f3n"},"content":{"rendered":"\n<p>La movilizaci\u00f3n se concentr\u00f3 frente al Ministerio de Desregulaci\u00f3n a cargo de Federico Sturzenegger.<\/p>\n\n\n\n<p>En medio del paro con movilizaci\u00f3n de este jueves, los manifestantes de la\u00a0<strong>Asociaci\u00f3n de Trabajadores del Estado (ATE)<\/strong>cortaron la calle y hubo tensi\u00f3n con el cord\u00f3n policial que rode\u00f3 a quienes participaron de la protesta frente al Ministerio de Desregulaci\u00f3n y Transformaci\u00f3n del Estado, a cargo de <strong>Federico Sturzenegger<\/strong>.<\/p>\n\n\n\n<p>Los manifestantes se concentraron para exigir la&nbsp;<strong>renovaci\u00f3n autom\u00e1tica de 50 mil contratos&nbsp;<\/strong>de empleados del sector p\u00fablico que vencen a fin de mes. Tambi\u00e9n reclamaron la<strong>&nbsp;reapertura de las paritarias<\/strong>&nbsp;y la&nbsp;<strong>\u201creparaci\u00f3n del deterioro grave\u201d<\/strong>&nbsp;que sufrieron los salarios.<\/p>\n\n\n\n<p>El gremio liderado por&nbsp;<strong>Rodolfo Aguiar<\/strong>, uno de los sindicalistas m\u00e1s enfrentados con el Gobierno, se moviliz\u00f3 frente al edificio de Roque S\u00e1enz Pe\u00f1a al 700 e interrumpi\u00f3 la circulaci\u00f3n de veh\u00edculos y peatones en una de las calles m\u00e1s transitadas del Microcentro porte\u00f1o.<\/p>\n\n\n\n<p>La movilizaci\u00f3n de ATE tiene lugar luego de que la gesti\u00f3n de\u00a0<strong>Javier Milei\u00a0<\/strong>anunciara un\u00a0<strong>pol\u00e9mico incentivo salarial<\/strong>\u00a0para los\u00a0<strong>funcionarios p\u00fablicos<\/strong>\u00a0que\u00a0<strong>reduzcan personal<\/strong>\u00a0en sus \u00e1reas. La medida, publicada en el\u00a0<strong>Bolet\u00edn Oficial<\/strong>\u00a0el pasado viernes, lleva las firmas del jefe de Gabinete,\u00a0<strong>Guillermo Francos<\/strong>; y los ministros de Econom\u00eda,\u00a0<strong>Luis \u201cToto\u201d Caputo<\/strong>, y del propio Sturzenegger.<\/p>\n\n\n\n<figure class=\"wp-block-image\"><img decoding=\"async\" src=\"https:\/\/tn.com.ar\/resizer\/v2\/el-jefe-de-ate-rodolfo-aguiar-advirtio-que-el-pais-esta-cerca-del-caos-social-foto-x-rodoaguiar-DHVX5TQYIFF53LXYSUTGKLNBP4.jpg?auth=62aa9efb2d36df3b2a602acac1d98a014dd288a73d06072880308a4fc2982973&amp;width=767\" alt=\"El jefe de ATE, Rodolfo Aguiar, advirti\u00f3 que el pa\u00eds est\u00e1 &quot;cerca del caos social&quot;. (Foto: X \/ @rodoaguiar)\"\/><\/figure>\n\n\n\n<p>El beneficio, contemplado en la Decisi\u00f3n Administrativa 7\/2025, establece que las<strong>&nbsp;\u201cunidades retributivas adicionales\u201d&nbsp;<\/strong>ser\u00e1n otorgadas en funci\u00f3n del<strong>&nbsp;\u201cahorro presupuestario generado por la reducci\u00f3n de dotaci\u00f3n de personal de la respectiva Jurisdicci\u00f3n\u201d<\/strong>. El incentivo se aplicar\u00e1 a las \u201cautoridades superiores incorporadas al r\u00e9gimen de Gabinete de Asesores\u201d, es decir, a&nbsp;<strong>funcionarios pol\u00edticos<\/strong>.<\/p>\n\n\n\n<p>Desde el Ejecutivo argumentan que la medida\u00a0<strong>busca premiar la eficiencia y optimizaci\u00f3n de recursos<\/strong>\u00a0dentro del Estado. Milei, en l\u00ednea con su discurso de campa\u00f1a y la premisa de la\u00a0<strong>\u201cmotosierra\u201d<\/strong>, sostiene que la reducci\u00f3n del aparato estatal es una de sus prioridades y que esta decisi\u00f3n responde a \u201ccriterios objetivos de productividad\u201d.<\/p>\n\n\n\n<p>En el texto dirigido al Ministerio de Trabajo que informando sobre la huelga de este jueves, ATE asegur\u00f3 que la raz\u00f3n principal de la medida es \u201cel congelamiento salarial en la administraci\u00f3n p\u00fablica\u201d, al tiempo que pidi\u00f3 \u201cdetener el avance autoritario de un Gobierno Nacional que gobierna por decreto, que precariza, empobrece y hunde en la miseria al pueblo argentino\u201d.<\/p>\n\n\n\n<p>\u201cLas paritarias se deben reabrir de manera inmediata y reparar el deterioro grave que han sufrido todos los salarios.&nbsp;<strong>Con aumentos que se han ubicado sistem\u00e1ticamente por debajo de la inflaci\u00f3n<\/strong>, la mayor parte de los ingresos en el sector p\u00fablico quedaron por&nbsp;<strong>debajo de la l\u00ednea de pobreza\u201d<\/strong>, concluy\u00f3 Aguiar.<\/p>\n","protected":false},"excerpt":{"rendered":"<p>La movilizaci\u00f3n se concentr\u00f3 frente al Ministerio de Desregulaci\u00f3n a cargo de Federico Sturzenegger. En medio del paro con movilizaci\u00f3n de este jueves, los manifestantes de la\u00a0Asociaci\u00f3n de Trabajadores del&hellip; <\/p>\n","protected":false},"author":8,"featured_media":199090,"comment_status":"closed","ping_status":"open","sticky":false,"template":"","format":"standard","meta":{"footnotes":""},"categories":[3],"tags":[],"class_list":["post-199089","post","type-post","status-publish","format-standard","has-post-thumbnail","hentry","category-politica"],"_links":{"self":[{"href":"https:\/\/corrientesdetarde.com\/index.php\/wp-json\/wp\/v2\/posts\/199089","targetHints":{"allow":["GET"]}}],"collection":[{"href":"https:\/\/corrientesdetarde.com\/index.php\/wp-json\/wp\/v2\/posts"}],"about":[{"href":"https:\/\/corrientesdetarde.com\/index.php\/wp-json\/wp\/v2\/types\/post"}],"author":[{"embeddable":true,"href":"https:\/\/corrientesdetarde.com\/index.php\/wp-json\/wp\/v2\/users\/8"}],"replies":[{"embeddable":true,"href":"https:\/\/corrientesdetarde.com\/index.php\/wp-json\/wp\/v2\/comments?post=199089"}],"version-history":[{"count":1,"href":"https:\/\/corrientesdetarde.com\/index.php\/wp-json\/wp\/v2\/posts\/199089\/revisions"}],"predecessor-version":[{"id":199091,"href":"https:\/\/corrientesdetarde.com\/index.php\/wp-json\/wp\/v2\/posts\/199089\/revisions\/199091"}],"wp:featuredmedia":[{"embeddable":true,"href":"https:\/\/corrientesdetarde.com\/index.php\/wp-json\/wp\/v2\/media\/199090"}],"wp:attachment":[{"href":"https:\/\/corrientesdetarde.com\/index.php\/wp-json\/wp\/v2\/media?parent=199089"}],"wp:term":[{"taxonomy":"category","embeddable":true,"href":"https:\/\/corrientesdetarde.com\/index.php\/wp-json\/wp\/v2\/categories?post=199089"},{"taxonomy":"post_tag","embeddable":true,"href":"https:\/\/corrientesdetarde.com\/index.php\/wp-json\/wp\/v2\/tags?post=199089"}],"curies":[{"name":"wp","href":"https:\/\/api.w.org\/{rel}","templated":true}]}}