{"id":199098,"date":"2025-03-27T14:59:25","date_gmt":"2025-03-27T17:59:25","guid":{"rendered":"https:\/\/corrientesdetarde.com\/?p=199098"},"modified":"2025-03-27T14:59:29","modified_gmt":"2025-03-27T17:59:29","slug":"fernando-gago-inflexible-el-castigo-que-le-aplicara-a-carlos-palacios-por-faltar-a-un-entrenamiento-de-boca","status":"publish","type":"post","link":"https:\/\/corrientesdetarde.com\/index.php\/deportes\/fernando-gago-inflexible-el-castigo-que-le-aplicara-a-carlos-palacios-por-faltar-a-un-entrenamiento-de-boca\/","title":{"rendered":"Fernando Gago, inflexible: el castigo que le aplicar\u00e1 a Carlos Palacios por faltar a un entrenamiento de Boca"},"content":{"rendered":"\n<p>El atacante chileno pidi\u00f3 disculpas, pero igualmente ser\u00e1 sancionado. Esta en duda su presencia en el pr\u00f3ximo partido ante Newell\u2019s.<\/p>\n\n\n\n<p><strong>Fernando Gago<\/strong>\u00a0y la dirigencia de\u00a0<strong>Boca<\/strong> se pusieron de acuerdo para\u00a0<strong>sancionar al delantero chileno Carlos Palacios, que falt\u00f3 al entrenamiento del lunes sin aviso<\/strong>, despu\u00e9s de haber participado en una fiesta, en su pa\u00eds.<\/p>\n\n\n\n<p>La decisi\u00f3n del DT y el club&nbsp;<strong>implica una multa econ\u00f3mica<\/strong>, de la que no trascendi\u00f3 la cifra, y&nbsp;<strong>la posibilidad de que no sea tenido en cuenta en los pr\u00f3ximos partidos<\/strong>&nbsp;del Xeneize.<\/p>\n\n\n\n<figure class=\"wp-block-image\"><img decoding=\"async\" src=\"https:\/\/tn.com.ar\/resizer\/v2\/fernando-gago-y-la-dirigencia-de-boca-se-pusieron-de-acuerdo-para-sancionar-al-delantero-chileno-carlos-palacios-que-falto-al-entrenamiento-del-lunes-sin-aviso-despues-de-haber-participado-en-una-fiesta-en-su-pais-foto-bocajrsiinstagram-AG2PYXVEJFBDTOACNA43HFWEBI.jpg?auth=b056b3fa5e40ad67c51f73e26d0b43655065dc89c9bff6753bf11b68a155fb8c&amp;width=767\" alt=\"Fernando Gago y la dirigencia de Boca se pusieron de acuerdo para sancionar al delantero chileno Carlos Palacios, que falt\u00f3 al entrenamiento del lunes sin aviso, despu\u00e9s de haber participado en una fiesta, en su pa\u00eds. (Foto: @bocajrsI\/Instagram)\"\/><\/figure>\n\n\n\n<p>Esta decisi\u00f3n sorprendi\u00f3 a los fan\u00e1ticos, ya que el mediocampista es uno de los mejores jugadores del plantel y las expectativas por su figura son muy grandes. Incluso, en el \u00faltimo partido de Boca ante Defensa y Justicia, dio dos asistencias y tuvo un buen rendimiento.<\/p>\n\n\n\n<p><strong>Palacios pas\u00f3 el fin de semana en Chile, donde estuvo en una popular fiesta<\/strong>&nbsp;y se lo pudo ver en las redes sociales. Tambi\u00e9n estuvo Ayrton Costa, pero el defensor s\u00ed se present\u00f3 a la pr\u00e1ctica del lunes por la tarde.<\/p>\n\n\n\n<p>El delantero lleg\u00f3 al pa\u00eds por la noche y desde el martes se entren\u00f3 junto al equipo, donde pas\u00f3 la prueba de peso y fue parte de los trabajos en el campo.<\/p>\n\n\n\n<figure class=\"wp-block-image\"><img decoding=\"async\" src=\"https:\/\/tn.com.ar\/resizer\/v2\/a-fernando-gago-no-le-gusto-el-poco-profesionalismo-de-palacios-y-podria-no-tenerlo-en-cuenta-para-el-choque-ante-newell-s-foto-prensa-boca-DDXJD3XHJFBMVC632JKGPNRFRQ.jpg?auth=59b5bb1b7dd5cace265b62f5dcc8dc364afc05e273a47410ab3474e093545d0e&amp;width=767\" alt=\"A Fernando Gago no le gust\u00f3 el poco profesionalismo de Palacios y podr\u00eda no tenerlo en cuenta para el choque ante Newell\u00b4s. (Foto: Prensa Boca).\"\/><\/figure>\n\n\n\n<p><strong>Boca&nbsp;<\/strong>volver\u00e1 a la actividad en el&nbsp;<strong>Torneo Apertura&nbsp;<\/strong>el pr\u00f3ximo domingo 30 a las 19.30 (hora de la Argentina) cuando visite a Newell\u2019s en Rosario.<\/p>\n","protected":false},"excerpt":{"rendered":"<p>El atacante chileno pidi\u00f3 disculpas, pero igualmente ser\u00e1 sancionado. Esta en duda su presencia en el pr\u00f3ximo partido ante Newell\u2019s. Fernando Gago\u00a0y la dirigencia de\u00a0Boca se pusieron de acuerdo para\u00a0sancionar&hellip; <\/p>\n","protected":false},"author":8,"featured_media":199099,"comment_status":"closed","ping_status":"open","sticky":false,"template":"","format":"standard","meta":{"footnotes":""},"categories":[4],"tags":[],"class_list":["post-199098","post","type-post","status-publish","format-standard","has-post-thumbnail","hentry","category-deportes"],"_links":{"self":[{"href":"https:\/\/corrientesdetarde.com\/index.php\/wp-json\/wp\/v2\/posts\/199098","targetHints":{"allow":["GET"]}}],"collection":[{"href":"https:\/\/corrientesdetarde.com\/index.php\/wp-json\/wp\/v2\/posts"}],"about":[{"href":"https:\/\/corrientesdetarde.com\/index.php\/wp-json\/wp\/v2\/types\/post"}],"author":[{"embeddable":true,"href":"https:\/\/corrientesdetarde.com\/index.php\/wp-json\/wp\/v2\/users\/8"}],"replies":[{"embeddable":true,"href":"https:\/\/corrientesdetarde.com\/index.php\/wp-json\/wp\/v2\/comments?post=199098"}],"version-history":[{"count":1,"href":"https:\/\/corrientesdetarde.com\/index.php\/wp-json\/wp\/v2\/posts\/199098\/revisions"}],"predecessor-version":[{"id":199100,"href":"https:\/\/corrientesdetarde.com\/index.php\/wp-json\/wp\/v2\/posts\/199098\/revisions\/199100"}],"wp:featuredmedia":[{"embeddable":true,"href":"https:\/\/corrientesdetarde.com\/index.php\/wp-json\/wp\/v2\/media\/199099"}],"wp:attachment":[{"href":"https:\/\/corrientesdetarde.com\/index.php\/wp-json\/wp\/v2\/media?parent=199098"}],"wp:term":[{"taxonomy":"category","embeddable":true,"href":"https:\/\/corrientesdetarde.com\/index.php\/wp-json\/wp\/v2\/categories?post=199098"},{"taxonomy":"post_tag","embeddable":true,"href":"https:\/\/corrientesdetarde.com\/index.php\/wp-json\/wp\/v2\/tags?post=199098"}],"curies":[{"name":"wp","href":"https:\/\/api.w.org\/{rel}","templated":true}]}}