{"id":199101,"date":"2025-03-27T15:02:13","date_gmt":"2025-03-27T18:02:13","guid":{"rendered":"https:\/\/corrientesdetarde.com\/?p=199101"},"modified":"2025-03-27T15:02:17","modified_gmt":"2025-03-27T18:02:17","slug":"luciana-salazar-volvio-a-arremeter-contra-redrado-por-no-reconocer-a-matilda-lo-que-hace-es-siniestro","status":"publish","type":"post","link":"https:\/\/corrientesdetarde.com\/index.php\/espectaculos\/luciana-salazar-volvio-a-arremeter-contra-redrado-por-no-reconocer-a-matilda-lo-que-hace-es-siniestro\/","title":{"rendered":"Luciana Salazar volvi\u00f3 a arremeter contra Redrado por no reconocer a Matilda: \u201cLo que hace es siniestro\u201d"},"content":{"rendered":"\n<p>En una entrevista, insisti\u00f3 en que el economista no cumple con las obligaciones que asumi\u00f3 cuando firm\u00f3 un acuerdo sobre la crianza de la nena<\/p>\n\n\n\n<p><strong>La disputa legal y medi\u00e1tica entre\u00a0Luciana Salazar\u00a0y\u00a0Mart\u00edn Redrado\u00a0est\u00e1 lejos de llegar a su final.\u00a0<\/strong>El conflicto sigue siendo el mismo: la artista insiste en que el proyecto de agrandar la familia hab\u00eda sido consensuado con el economista, quien supuestamente se hab\u00eda comprometido a hacerse cargo de Matilda y ahora lo niega.<\/p>\n\n\n\n<p>Muy molesta, ella dio a conocer&nbsp;<strong>el acuerdo que \u00e9l firm\u00f3 para asumir distintas obligaciones en la vida de la nena.<\/strong>&nbsp;Adem\u00e1s, en las \u00faltimas horas, convers\u00f3 con un m\u00f3vil de&nbsp;<em>LAM (Am\u00e9rica)&nbsp;<\/em>y destroz\u00f3 al expresidente del Banco Central.<\/p>\n\n\n\n<p>\u201cFuimos pareja durante 8 a\u00f1os y tuvimos como proyecto en com\u00fan que Matilda venga al mundo. \u00c9l se hizo cargo de todo, hay cosas que no puedo contar porque no me corresponden a m\u00ed. Tienen que ver con temas de salud de \u00e9l, que no tengo nada que ver yo, pero&nbsp;<strong>nosotros si buscamos un hijo de la forma natural<\/strong>\u201d, arranc\u00f3 diciendo.<\/p>\n\n\n\n<figure class=\"wp-block-image\"><img decoding=\"async\" src=\"https:\/\/tn.com.ar\/resizer\/v2\/el-acuerdo-que-firmo-martin-redrado-foto-captura-viviana-en-vivo-eltrece-U45UFYS3UVBT5L7TE33HRXTRYI.PNG?auth=a101cea9ece740a4332366b4f773835093c02e9edd5d303217ca0681443f153b&amp;width=767\" alt=\"El acuerdo que firm\u00f3 Mart\u00edn Redrado. (Foto: Captura Viviana en Vivo, eltrece)\"\/><\/figure>\n\n\n\n<p>Y agreg\u00f3: \u201c<strong>Hasta fuimos a cl\u00ednicas de fertilizaci\u00f3n en el exterior, donde nos sentamos con un m\u00e9dico, donde la propia voz de \u00e9l sale el tema del alquiler de vientre, todo eso que estoy hablando est\u00e1 en la Justicia<\/strong>. Se compromete \u00e9l desde su patrimonio y tambi\u00e9n en el caso de que si le llegara a pasar algo, para no tener el d\u00eda de ma\u00f1ana problemas con los herederos, que Matilda pueda tener lo que \u00e9l le garantiz\u00f3\u201d.<\/p>\n\n\n\n<p>En ese sentido, aclar\u00f3 que el reclamo no est\u00e1 vinculado a un pedido emocional.&nbsp;<strong>\u201cCada vez que me ven\u00eda a pedir una revinculaci\u00f3n, yo le dec\u00eda \u2018se termin\u00f3 porque ya la abandonaste tres veces\u2019. Le pod\u00eda perdonar una o dos, pero basta\u201d<\/strong>.<\/p>\n\n\n\n<p>Salazar afirm\u00f3 que Redrado, a quien defini\u00f3 como \u201cun psic\u00f3pata narcisista\u201d, durante un tiempo cumpli\u00f3 con el \u201ccontrato\u201d. \u201cLo ejecut\u00f3 hasta los tres a\u00f1os de la nena, que fue hasta el momento que la vio y despu\u00e9s que pasaron situaciones donde yo no acced\u00ed m\u00e1s a temas como de seguir ocult\u00e1ndola. El tiempo que le di fue prudencial para que pueda arreglar con su entorno y no arregl\u00f3 nunca. Siempre era un poco m\u00e1s, un poco m\u00e1s, hasta que uno tiene un l\u00edmite\u201d, indic\u00f3.<\/p>\n\n\n\n<p>Por otro ladro, revel\u00f3 c\u00f3mo lidia la nena con el hecho de no ver al exfuncionario.<strong>&nbsp;\u201cElla dice \u2018yo iba a tener un pap\u00e1&#8217;\u201d<\/strong>, cont\u00f3 al borde del llanto. Y a\u00f1adi\u00f3:&nbsp;<strong>\u201cMe duele que una criatura lo tome de esa forma, \u00bfentend\u00e9s?<\/strong>&nbsp;Ella lo dej\u00f3 de ver cuando era muy chiquitita. Siempre que lo ve\u00eda, \u00e9l le tra\u00eda regalos y jugaban. Era un espacio de recreaci\u00f3n, \u00e9l le daba de comer. Hac\u00eda las cosas de un padre, pero a escondidas.&nbsp;<strong>\u00a1Hasta hicieron colecho, mir\u00e1 lo que te digo!<\/strong>\u201d.<\/p>\n\n\n\n<figure class=\"wp-block-image\"><img decoding=\"async\" src=\"https:\/\/tn.com.ar\/resizer\/v2\/la-fuerte-historia-que-luciana-salazar-le-dedico-a-martin-redrado-foto-instagram-salazarluli-THOCYVKCOBH7TD67GIMYSVQZVU.PNG?auth=19ad640fa60955d9e39166763af7a9083a0b2e7e16e5eaa17fad44abddbadf03&amp;width=767\" alt=\"La fuerte historia que Luciana Salazar le dedic\u00f3 a Mart\u00edn Redrado. (Foto: Instagram \/ salazarluli)\"\/><\/figure>\n\n\n\n<p>Hacia el cierre de la entrevista, repiti\u00f3 qu\u00e9 es lo que m\u00e1s le molesta de su ex. \u201c<strong>Est\u00e1 vulnerando los derechos de una menor. Por algo el tema est\u00e1 en la Justicia y la Justicia lo va a hacer valer<\/strong>. Est\u00e1 ni m\u00e1s ni menos que en un juzgado de familia. No lo decid\u00ed yo, lo decidi\u00f3 la Justicia y es porque es una causa por alimentos. \u00c9 ya declar\u00f3 que es su firma, a pesar de lo que digan sus voceros\u201d, expuso.<\/p>\n\n\n\n<p>\u201c<strong>La negaci\u00f3n que est\u00e1 haciendo con una menor, es violencia. (&#8230;) Es muy siniestro lo que hace.&nbsp;<\/strong>Ahora que sali\u00f3 a la luz el acuerdo firmado ante un escribano. \u00bfQu\u00e9 va a decir, que el escribano es un fantasma? \u00bfQu\u00e9 es inteligencia artificial?\u201d, remat\u00f3.<\/p>\n","protected":false},"excerpt":{"rendered":"<p>En una entrevista, insisti\u00f3 en que el economista no cumple con las obligaciones que asumi\u00f3 cuando firm\u00f3 un acuerdo sobre la crianza de la nena La disputa legal y medi\u00e1tica&hellip; <\/p>\n","protected":false},"author":8,"featured_media":199102,"comment_status":"closed","ping_status":"open","sticky":false,"template":"","format":"standard","meta":{"footnotes":""},"categories":[19],"tags":[],"class_list":["post-199101","post","type-post","status-publish","format-standard","has-post-thumbnail","hentry","category-espectaculos"],"_links":{"self":[{"href":"https:\/\/corrientesdetarde.com\/index.php\/wp-json\/wp\/v2\/posts\/199101","targetHints":{"allow":["GET"]}}],"collection":[{"href":"https:\/\/corrientesdetarde.com\/index.php\/wp-json\/wp\/v2\/posts"}],"about":[{"href":"https:\/\/corrientesdetarde.com\/index.php\/wp-json\/wp\/v2\/types\/post"}],"author":[{"embeddable":true,"href":"https:\/\/corrientesdetarde.com\/index.php\/wp-json\/wp\/v2\/users\/8"}],"replies":[{"embeddable":true,"href":"https:\/\/corrientesdetarde.com\/index.php\/wp-json\/wp\/v2\/comments?post=199101"}],"version-history":[{"count":1,"href":"https:\/\/corrientesdetarde.com\/index.php\/wp-json\/wp\/v2\/posts\/199101\/revisions"}],"predecessor-version":[{"id":199103,"href":"https:\/\/corrientesdetarde.com\/index.php\/wp-json\/wp\/v2\/posts\/199101\/revisions\/199103"}],"wp:featuredmedia":[{"embeddable":true,"href":"https:\/\/corrientesdetarde.com\/index.php\/wp-json\/wp\/v2\/media\/199102"}],"wp:attachment":[{"href":"https:\/\/corrientesdetarde.com\/index.php\/wp-json\/wp\/v2\/media?parent=199101"}],"wp:term":[{"taxonomy":"category","embeddable":true,"href":"https:\/\/corrientesdetarde.com\/index.php\/wp-json\/wp\/v2\/categories?post=199101"},{"taxonomy":"post_tag","embeddable":true,"href":"https:\/\/corrientesdetarde.com\/index.php\/wp-json\/wp\/v2\/tags?post=199101"}],"curies":[{"name":"wp","href":"https:\/\/api.w.org\/{rel}","templated":true}]}}