{"id":199104,"date":"2025-03-27T15:38:52","date_gmt":"2025-03-27T18:38:52","guid":{"rendered":"https:\/\/corrientesdetarde.com\/?p=199104"},"modified":"2025-03-27T15:38:55","modified_gmt":"2025-03-27T18:38:55","slug":"en-medio-de-la-interna-peronista-la-legislatura-bonaerense-sesiona-sin-tratar-la-suspension-de-la-paso","status":"publish","type":"post","link":"https:\/\/corrientesdetarde.com\/index.php\/politica\/en-medio-de-la-interna-peronista-la-legislatura-bonaerense-sesiona-sin-tratar-la-suspension-de-la-paso\/","title":{"rendered":"En medio de la interna peronista, la Legislatura bonaerense sesiona sin tratar la suspensi\u00f3n de la PASO"},"content":{"rendered":"\n<p>El ingreso de un proyecto del kirchnerismo que adem\u00e1s propone fijar elecciones concurrentes en la provincia dilat\u00f3 el debate. Se espera que se discuta la semana que viene en el recinto.<\/p>\n\n\n\n<p>En medio de fuertes tensiones en el peronismo, la Legislatura bonaerense sesiona esta tarde. El dato es que finalmente&nbsp;<strong>no se discutir\u00e1 ning\u00fan proyecto para suspender las PASO<\/strong>&nbsp;en la provincia, como se esperaba en la previa. As\u00ed se defini\u00f3 en la reuni\u00f3n de labor parlamentaria previa al debate.<\/p>\n\n\n\n<p>El ingreso de un proyecto del kirchnerismo que adem\u00e1s propone fijar elecciones concurrentes en la provincia dilat\u00f3 el debate. Se espera que&nbsp;<strong>se discuta la semana que viene en el recinto.<\/strong><\/p>\n\n\n\n<p>Entre las iniciativas que s\u00ed se discutir\u00e1n, se destaca el de la diputada oficialista Maite Alvado que propone la&nbsp;<strong>declaraci\u00f3n del estado de emergencia social, econ\u00f3mica, sanitaria, ambiental y urbana en Bah\u00eda Blanca<\/strong>. La ciudad del sur bonaerense se vio fuertemente afectada por un temporal e inundaciones, que generaron p\u00e9rdidas incalculables.<\/p>\n\n\n\n<p>El proyecto de Alvado tom\u00f3 estado parlamentario el 20 de marzo y<strong>&nbsp;este jueves lograr\u00e1 media sanci\u00f3n<\/strong>. Otras iniciativas que se votar\u00e1n son una que propone capacitaci\u00f3n permanente por el tema Malvinas, de la radical Alejandra Lorden; y la del peronista Germ\u00e1n Di C\u00e9sare que proh\u00edbe el ingreso de deudores alimentarios a bingos y casinos.<\/p>\n\n\n\n<p>Sucede que este jueves estaba prevista una sesi\u00f3n importante, donde se tratar\u00eda la suspensi\u00f3n de las PASO, que ya cuenta con el apoyo del gobernador&nbsp;<strong>Axel Kicillof<\/strong>&nbsp;y el de buena parte de la oposici\u00f3n. Sin embargo -una vez m\u00e1s-&nbsp;<strong>la interna del peronismo trab\u00f3 la discusi\u00f3n<\/strong>.<\/p>\n\n\n\n<p>Seg\u00fan pudo saber\u00a0, reavivaron la interna dos proyectos presentados en la Legislatura bonaerense en los \u00faltimos d\u00edas, que no hab\u00edan sido acordados previamente. El primero fue este martes y lo hicieron siete<strong>\u00a0diputados que responden al gobernador<\/strong>, los mismos que bajaron a dar qu\u00f3rum para la sesi\u00f3n de la semana pasada, pedida por La Libertad Avanza.<\/p>\n\n\n\n<p>El segundo&nbsp;<strong>proyecto&nbsp;<\/strong>no acordado fue presentado 24 horas despu\u00e9s en la C\u00e1mara Alta provincial, por los&nbsp;<strong>senadores del ala dura k.<\/strong>&nbsp;El anuncio lo hizo&nbsp;<strong>Teresa Garc\u00eda,&nbsp;<\/strong>muy cercana a&nbsp;<strong>Cristina Kirchner<\/strong>. Lleva la firma de diez senadores del bloque peronista, incluida la de Sof\u00eda Vanneli, que forma parte del Frente Renovador. Propone&nbsp;<strong>suspender las PASO y que las elecciones sean concurrentes; es decir, el mismo d\u00eda que las nacionales, pero en urnas separadas.<\/strong><\/p>\n","protected":false},"excerpt":{"rendered":"<p>El ingreso de un proyecto del kirchnerismo que adem\u00e1s propone fijar elecciones concurrentes en la provincia dilat\u00f3 el debate. Se espera que se discuta la semana que viene en el&hellip; <\/p>\n","protected":false},"author":8,"featured_media":199105,"comment_status":"closed","ping_status":"open","sticky":false,"template":"","format":"standard","meta":{"footnotes":""},"categories":[3],"tags":[],"class_list":["post-199104","post","type-post","status-publish","format-standard","has-post-thumbnail","hentry","category-politica"],"_links":{"self":[{"href":"https:\/\/corrientesdetarde.com\/index.php\/wp-json\/wp\/v2\/posts\/199104","targetHints":{"allow":["GET"]}}],"collection":[{"href":"https:\/\/corrientesdetarde.com\/index.php\/wp-json\/wp\/v2\/posts"}],"about":[{"href":"https:\/\/corrientesdetarde.com\/index.php\/wp-json\/wp\/v2\/types\/post"}],"author":[{"embeddable":true,"href":"https:\/\/corrientesdetarde.com\/index.php\/wp-json\/wp\/v2\/users\/8"}],"replies":[{"embeddable":true,"href":"https:\/\/corrientesdetarde.com\/index.php\/wp-json\/wp\/v2\/comments?post=199104"}],"version-history":[{"count":1,"href":"https:\/\/corrientesdetarde.com\/index.php\/wp-json\/wp\/v2\/posts\/199104\/revisions"}],"predecessor-version":[{"id":199106,"href":"https:\/\/corrientesdetarde.com\/index.php\/wp-json\/wp\/v2\/posts\/199104\/revisions\/199106"}],"wp:featuredmedia":[{"embeddable":true,"href":"https:\/\/corrientesdetarde.com\/index.php\/wp-json\/wp\/v2\/media\/199105"}],"wp:attachment":[{"href":"https:\/\/corrientesdetarde.com\/index.php\/wp-json\/wp\/v2\/media?parent=199104"}],"wp:term":[{"taxonomy":"category","embeddable":true,"href":"https:\/\/corrientesdetarde.com\/index.php\/wp-json\/wp\/v2\/categories?post=199104"},{"taxonomy":"post_tag","embeddable":true,"href":"https:\/\/corrientesdetarde.com\/index.php\/wp-json\/wp\/v2\/tags?post=199104"}],"curies":[{"name":"wp","href":"https:\/\/api.w.org\/{rel}","templated":true}]}}