{"id":199139,"date":"2025-03-27T21:52:52","date_gmt":"2025-03-28T00:52:52","guid":{"rendered":"https:\/\/corrientesdetarde.com\/?p=199139"},"modified":"2025-03-27T21:52:57","modified_gmt":"2025-03-28T00:52:57","slug":"bolsonaro-dice-que-las-acusaciones-en-su-contra-son-infundadas","status":"publish","type":"post","link":"https:\/\/corrientesdetarde.com\/index.php\/internacionales\/bolsonaro-dice-que-las-acusaciones-en-su-contra-son-infundadas\/","title":{"rendered":"Bolsonaro dice que las acusaciones en su contra son &#8220;infundadas&#8221;"},"content":{"rendered":"\n<h2 class=\"wp-block-heading\">El ex presidente de Brasil asegur\u00f3 que llam\u00f3 a&nbsp;la desmovilizaci\u00f3n de los movimientos que ped\u00edan la intervenci\u00f3n&nbsp;militar en el pa\u00eds.<\/h2>\n\n\n\n<p><strong>El expresidente brasile\u00f1o, Jair&nbsp;<\/strong><a href=\"https:\/\/noticiasargentinas.com\/internacionales\/el-supremo-tribunal-de-brasil-inicio-una-accion-penal-contra-bolsonaro_a67e450af898e25a20113ed7b\"><strong>Bolsonaro<\/strong><\/a><strong>&nbsp;(2019-2022), afirm\u00f3 que las acusaciones en su contra son&nbsp;<\/strong><em><strong>&#8220;infundadas&#8221;,&nbsp;<\/strong><\/em><strong>luego de que la Primera Sala del Supremo Tribunal&nbsp;Federal (STF) pareci\u00f3 que existen indicios suficientes para&nbsp;iniciar una acci\u00f3n penal.<\/strong><\/p>\n\n\n\n<p>La&nbsp;<strong>Primera Sala del STF&nbsp;<\/strong>decidi\u00f3 aceptar la denuncia por la&nbsp;Procuradur\u00eda General de la Rep\u00fablica contra el expresidente y&nbsp;otros siete funcionarios de su Gobierno, acusados \u200b\u200bpor delitos&nbsp;relacionados con la tentativa de impedir la investidura de Luiz&nbsp;In\u00e1cio Lula da Silva, luego de su victoria en las elecciones&nbsp;generales del 2 de octubre de 2022.<\/p>\n\n\n\n<p><strong>Bolsonaro&nbsp;<\/strong>asegur\u00f3 a los periodistas que en ese entonces llam\u00f3 a&nbsp;la desmovilizaci\u00f3n de los movimientos que ped\u00edan la intervenci\u00f3n&nbsp;militar en el pa\u00eds y que colaboraba con la transici\u00f3n del nuevo&nbsp;Gobierno, que consider\u00f3 el 1 de enero de 2023.<\/p>\n\n\n\n<p>La Acusaci\u00f3n contra&nbsp;<strong>Bolsonaro&nbsp;<\/strong>tambi\u00e9n dice que, durante el&nbsp;per\u00edodo de transici\u00f3n al Gobierno de Lula da Silva, el entonces&nbsp;presidente mantuvo reuniones con asesores y militares para urdir&nbsp;el golpe de Estado.<\/p>\n\n\n\n<p><strong>Bolsonaro&nbsp;<\/strong>volvi\u00f3 a levantar sospechas contra las urnas&nbsp;electr\u00f3nicas utilizadas en las elecciones brasile\u00f1as, y sugiri\u00f3&nbsp;que la Justicia Electoral actuara para favorecer la victoria de&nbsp;Lula da Silva.&nbsp;<\/p>\n\n\n\n<p><strong>Desestim\u00f3 tambi\u00e9n el llamado&nbsp;<\/strong><em><strong>&#8220;borrador del golpe&#8221;,<\/strong><\/em><strong>&nbsp;<\/strong>un documento encontrado durante las investigaciones que preve\u00eda la&nbsp;intervenci\u00f3n de las Fuerzas Armadas en el Tribunal Superior<br>Electoral (TSE), inform\u00f3 la agencia de noticias Xinhua. &nbsp; &nbsp; &nbsp; &nbsp; &nbsp; &nbsp; &nbsp;&nbsp;<\/p>\n","protected":false},"excerpt":{"rendered":"<p>El ex presidente de Brasil asegur\u00f3 que llam\u00f3 a&nbsp;la desmovilizaci\u00f3n de los movimientos que ped\u00edan la intervenci\u00f3n&nbsp;militar en el pa\u00eds. El expresidente brasile\u00f1o, Jair&nbsp;Bolsonaro&nbsp;(2019-2022), afirm\u00f3 que las acusaciones en su&hellip; <\/p>\n","protected":false},"author":4,"featured_media":199156,"comment_status":"closed","ping_status":"open","sticky":false,"template":"","format":"standard","meta":{"footnotes":""},"categories":[11],"tags":[],"class_list":["post-199139","post","type-post","status-publish","format-standard","has-post-thumbnail","hentry","category-internacionales"],"_links":{"self":[{"href":"https:\/\/corrientesdetarde.com\/index.php\/wp-json\/wp\/v2\/posts\/199139","targetHints":{"allow":["GET"]}}],"collection":[{"href":"https:\/\/corrientesdetarde.com\/index.php\/wp-json\/wp\/v2\/posts"}],"about":[{"href":"https:\/\/corrientesdetarde.com\/index.php\/wp-json\/wp\/v2\/types\/post"}],"author":[{"embeddable":true,"href":"https:\/\/corrientesdetarde.com\/index.php\/wp-json\/wp\/v2\/users\/4"}],"replies":[{"embeddable":true,"href":"https:\/\/corrientesdetarde.com\/index.php\/wp-json\/wp\/v2\/comments?post=199139"}],"version-history":[{"count":2,"href":"https:\/\/corrientesdetarde.com\/index.php\/wp-json\/wp\/v2\/posts\/199139\/revisions"}],"predecessor-version":[{"id":199158,"href":"https:\/\/corrientesdetarde.com\/index.php\/wp-json\/wp\/v2\/posts\/199139\/revisions\/199158"}],"wp:featuredmedia":[{"embeddable":true,"href":"https:\/\/corrientesdetarde.com\/index.php\/wp-json\/wp\/v2\/media\/199156"}],"wp:attachment":[{"href":"https:\/\/corrientesdetarde.com\/index.php\/wp-json\/wp\/v2\/media?parent=199139"}],"wp:term":[{"taxonomy":"category","embeddable":true,"href":"https:\/\/corrientesdetarde.com\/index.php\/wp-json\/wp\/v2\/categories?post=199139"},{"taxonomy":"post_tag","embeddable":true,"href":"https:\/\/corrientesdetarde.com\/index.php\/wp-json\/wp\/v2\/tags?post=199139"}],"curies":[{"name":"wp","href":"https:\/\/api.w.org\/{rel}","templated":true}]}}