{"id":199159,"date":"2025-03-27T21:56:37","date_gmt":"2025-03-28T00:56:37","guid":{"rendered":"https:\/\/corrientesdetarde.com\/?p=199159"},"modified":"2025-03-27T21:56:41","modified_gmt":"2025-03-28T00:56:41","slug":"brasil-y-el-bid-firmaron-un-acuerdo-para-impulsar-la-inclusion-social-y-el-empleo","status":"publish","type":"post","link":"https:\/\/corrientesdetarde.com\/index.php\/internacionales\/brasil-y-el-bid-firmaron-un-acuerdo-para-impulsar-la-inclusion-social-y-el-empleo\/","title":{"rendered":"Brasil y el BID firmaron un acuerdo para impulsar la inclusi\u00f3n social y el empleo"},"content":{"rendered":"\n<h2 class=\"wp-block-heading\">El pa\u00eds vecino busca reactivar su econom\u00eda a trav\u00e9s del pleno empleo.<\/h2>\n\n\n\n<p>El Gobierno de Brasil y el Banco Interamericano de Desarrollo (BID) firmaron un protocolo de intenciones en apoyo al programa&nbsp;<strong>&#8220;Acredita no Primeiro Passo&#8221;,&nbsp;<\/strong>que tiene como objetivo identificar proyectos y acciones que fomenten la inclusi\u00f3n social y requieran apoyo para su implementaci\u00f3n.<\/p>\n\n\n\n<p><strong>La firma tuvo lugar en Santiago de Chile<\/strong>, durante una reuni\u00f3n entre el ministro brasile\u00f1o de Desarrollo y Asistencia Social, Familia y Lucha contra el Hambre, Wellington Dias, y el presidente del BID, Ilan Goldfajn, inform\u00f3 el ministerio en una nota.<\/p>\n\n\n\n<p>Adem\u00e1s, el acuerdo busca ampliar la calificaci\u00f3n t\u00e9cnica para mejorar la empleabilidad y el emprendimiento, facilitando la inserci\u00f3n en el mercado laboral de las personas registradas en el Catastro \u00danico, base de datos del Gobierno brasile\u00f1o para programas sociales.<\/p>\n\n\n\n<p>Durante el encuentro,&nbsp;<strong>Dias agradeci\u00f3 el apoyo del BID&nbsp;<\/strong>y destac\u00f3 la importancia del programa para la inclusi\u00f3n socioecon\u00f3mica de familias en situaci\u00f3n de vulnerabilidad, a trav\u00e9s de la capacitaci\u00f3n profesional y el incentivo al emprendimiento.<\/p>\n\n\n\n<p>Hasta la fecha,&nbsp;<strong>&#8220;Acredita&#8221;&nbsp;<\/strong>facilit\u00f3 m\u00e1s de 2.000 millones de reales (aproximadamente 400 millones de d\u00f3lares) en cr\u00e9ditos y registrado m\u00e1s de 150.000 operaciones.<\/p>\n\n\n\n<p>En cuanto a &#8220;<strong>Acredita no Primeiro Passo&#8221;,&nbsp;<\/strong>se destinaron 726,41 millones de reales, beneficiando a 87.000 personas, inform\u00f3 la agencia de noticias Xinhua.<\/p>\n\n\n\n<h3 class=\"wp-block-heading\">Un plan contra el hambre y la pobreza<\/h3>\n\n\n\n<p><em><strong>&#8220;Este programa es crucial en la lucha contra el hambre y la pobreza, permitiendo a las familias superar la inseguridad alimentaria y alcanzar su autonom\u00eda financiera&#8221;,<\/strong><\/em>&nbsp;enfatiz\u00f3 Dias.<\/p>\n\n\n\n<p>El funcionario continu\u00f3:&nbsp;<em><strong>&#8220;La asociaci\u00f3n con el BID podr\u00eda inspirar a otros pa\u00edses a replicar el modelo de &#8216;Acredita&#8217; para erradicar la pobreza&#8221;.<\/strong><\/em><\/p>\n\n\n\n<h3 class=\"wp-block-heading\"><strong>Alianza&nbsp;Global contra el Hambre y la Pobreza<\/strong><\/h3>\n\n\n\n<p>Adem\u00e1s, se discutieron los esfuerzos del BID en la&nbsp;<strong>&#8220;Alianza Global contra el Hambre y la Pobreza&#8221;.&nbsp;<\/strong><\/p>\n\n\n\n<p>En 2024, el banco anunci\u00f3 el apoyo de 25.000 millones de d\u00f3lares en cr\u00e9dito y 200 millones en asistencia t\u00e9cnica para programas de la&nbsp;<strong>Alianza Global.<\/strong><\/p>\n\n\n\n<p><em><strong>&#8220;En tiempos de desaf\u00edos para la cooperaci\u00f3n internacional, la Alianza Global es fundamental para fortalecer y hacer m\u00e1s eficiente el apoyo existente&#8221;,&nbsp;<\/strong><\/em><strong>subray\u00f3 Dias.<\/strong><\/p>\n\n\n\n<p>La&nbsp;<strong>Alianza Global&nbsp;<\/strong>busca erradicar el hambre y la pobreza, reduciendo desigualdades y promoviendo transiciones sostenibles, inclusivas y justas.&nbsp;<\/p>\n","protected":false},"excerpt":{"rendered":"<p>El pa\u00eds vecino busca reactivar su econom\u00eda a trav\u00e9s del pleno empleo. El Gobierno de Brasil y el Banco Interamericano de Desarrollo (BID) firmaron un protocolo de intenciones en apoyo&hellip; <\/p>\n","protected":false},"author":4,"featured_media":199160,"comment_status":"closed","ping_status":"open","sticky":false,"template":"","format":"standard","meta":{"footnotes":""},"categories":[11],"tags":[],"class_list":["post-199159","post","type-post","status-publish","format-standard","has-post-thumbnail","hentry","category-internacionales"],"_links":{"self":[{"href":"https:\/\/corrientesdetarde.com\/index.php\/wp-json\/wp\/v2\/posts\/199159","targetHints":{"allow":["GET"]}}],"collection":[{"href":"https:\/\/corrientesdetarde.com\/index.php\/wp-json\/wp\/v2\/posts"}],"about":[{"href":"https:\/\/corrientesdetarde.com\/index.php\/wp-json\/wp\/v2\/types\/post"}],"author":[{"embeddable":true,"href":"https:\/\/corrientesdetarde.com\/index.php\/wp-json\/wp\/v2\/users\/4"}],"replies":[{"embeddable":true,"href":"https:\/\/corrientesdetarde.com\/index.php\/wp-json\/wp\/v2\/comments?post=199159"}],"version-history":[{"count":1,"href":"https:\/\/corrientesdetarde.com\/index.php\/wp-json\/wp\/v2\/posts\/199159\/revisions"}],"predecessor-version":[{"id":199161,"href":"https:\/\/corrientesdetarde.com\/index.php\/wp-json\/wp\/v2\/posts\/199159\/revisions\/199161"}],"wp:featuredmedia":[{"embeddable":true,"href":"https:\/\/corrientesdetarde.com\/index.php\/wp-json\/wp\/v2\/media\/199160"}],"wp:attachment":[{"href":"https:\/\/corrientesdetarde.com\/index.php\/wp-json\/wp\/v2\/media?parent=199159"}],"wp:term":[{"taxonomy":"category","embeddable":true,"href":"https:\/\/corrientesdetarde.com\/index.php\/wp-json\/wp\/v2\/categories?post=199159"},{"taxonomy":"post_tag","embeddable":true,"href":"https:\/\/corrientesdetarde.com\/index.php\/wp-json\/wp\/v2\/tags?post=199159"}],"curies":[{"name":"wp","href":"https:\/\/api.w.org\/{rel}","templated":true}]}}