{"id":199162,"date":"2025-03-27T21:59:36","date_gmt":"2025-03-28T00:59:36","guid":{"rendered":"https:\/\/corrientesdetarde.com\/?p=199162"},"modified":"2025-03-27T21:59:40","modified_gmt":"2025-03-28T00:59:40","slug":"apunalados-en-amsterdam-cinco-heridos-como-saldo-parcial-de-un-ataque","status":"publish","type":"post","link":"https:\/\/corrientesdetarde.com\/index.php\/internacionales\/apunalados-en-amsterdam-cinco-heridos-como-saldo-parcial-de-un-ataque\/","title":{"rendered":"Apu\u00f1alados en \u00c1msterdam: cinco heridos como saldo parcial de un ataque"},"content":{"rendered":"\n<h2 class=\"wp-block-heading\">Cinco heridos en apu\u00f1alamiento en la Plaza Dam de \u00c1msterdam; un sospechoso fue arrestado y la Polic\u00eda investiga las causas del ataque.<\/h2>\n\n\n\n<p>Cinco personas resultaron heridas este jueves en un\u00a0<strong>incidente de\u00a0apu\u00f1alamiento\u00a0<\/strong>cerca de la Plaza Dam en \u00c1msterdam, Pa\u00edses Bajos, inform\u00f3 la emisora nacional NOS.<\/p>\n\n\n\n<p>La Polic\u00eda acordon\u00f3 partes de la plaza y arrest\u00f3 a un&nbsp;<strong>sospechoso.<\/strong><\/p>\n\n\n\n<p><strong>Se inform\u00f3 que un helic\u00f3ptero de traumatolog\u00eda aterriz\u00f3 frente al Palacio Real&nbsp;<\/strong>en la Plaza Dam.<\/p>\n\n\n\n<p>La Polic\u00eda se\u00f1al\u00f3 que a\u00fan se desconoce el motivo y la causa del&nbsp;<strong>ataque,&nbsp;<\/strong>seg\u00fan informaciones de la agencia de noticias Xinhua<strong>.<\/strong><\/p>\n","protected":false},"excerpt":{"rendered":"<p>Cinco heridos en apu\u00f1alamiento en la Plaza Dam de \u00c1msterdam; un sospechoso fue arrestado y la Polic\u00eda investiga las causas del ataque. Cinco personas resultaron heridas este jueves en un\u00a0incidente&hellip; <\/p>\n","protected":false},"author":4,"featured_media":199163,"comment_status":"closed","ping_status":"open","sticky":false,"template":"","format":"standard","meta":{"footnotes":""},"categories":[11],"tags":[],"class_list":["post-199162","post","type-post","status-publish","format-standard","has-post-thumbnail","hentry","category-internacionales"],"_links":{"self":[{"href":"https:\/\/corrientesdetarde.com\/index.php\/wp-json\/wp\/v2\/posts\/199162","targetHints":{"allow":["GET"]}}],"collection":[{"href":"https:\/\/corrientesdetarde.com\/index.php\/wp-json\/wp\/v2\/posts"}],"about":[{"href":"https:\/\/corrientesdetarde.com\/index.php\/wp-json\/wp\/v2\/types\/post"}],"author":[{"embeddable":true,"href":"https:\/\/corrientesdetarde.com\/index.php\/wp-json\/wp\/v2\/users\/4"}],"replies":[{"embeddable":true,"href":"https:\/\/corrientesdetarde.com\/index.php\/wp-json\/wp\/v2\/comments?post=199162"}],"version-history":[{"count":1,"href":"https:\/\/corrientesdetarde.com\/index.php\/wp-json\/wp\/v2\/posts\/199162\/revisions"}],"predecessor-version":[{"id":199164,"href":"https:\/\/corrientesdetarde.com\/index.php\/wp-json\/wp\/v2\/posts\/199162\/revisions\/199164"}],"wp:featuredmedia":[{"embeddable":true,"href":"https:\/\/corrientesdetarde.com\/index.php\/wp-json\/wp\/v2\/media\/199163"}],"wp:attachment":[{"href":"https:\/\/corrientesdetarde.com\/index.php\/wp-json\/wp\/v2\/media?parent=199162"}],"wp:term":[{"taxonomy":"category","embeddable":true,"href":"https:\/\/corrientesdetarde.com\/index.php\/wp-json\/wp\/v2\/categories?post=199162"},{"taxonomy":"post_tag","embeddable":true,"href":"https:\/\/corrientesdetarde.com\/index.php\/wp-json\/wp\/v2\/tags?post=199162"}],"curies":[{"name":"wp","href":"https:\/\/api.w.org\/{rel}","templated":true}]}}