{"id":199165,"date":"2025-03-27T22:07:49","date_gmt":"2025-03-28T01:07:49","guid":{"rendered":"https:\/\/corrientesdetarde.com\/?p=199165"},"modified":"2025-03-27T22:07:53","modified_gmt":"2025-03-28T01:07:53","slug":"turquia-un-tribunal-libero-a-siete-periodistas-detenidos-por-cubrir-las-protestas-masivas-que-sacuden-el-pais","status":"publish","type":"post","link":"https:\/\/corrientesdetarde.com\/index.php\/internacionales\/turquia-un-tribunal-libero-a-siete-periodistas-detenidos-por-cubrir-las-protestas-masivas-que-sacuden-el-pais\/","title":{"rendered":"Turqu\u00eda: un tribunal liber\u00f3 a siete periodistas detenidos por cubrir las protestas masivas que sacuden el pa\u00eds"},"content":{"rendered":"\n<h2 class=\"wp-block-heading\">Un tribunal de Turqu\u00eda liber\u00f3 a siete periodistas detenidos por cubrir protestas masivas. La represi\u00f3n sigue tras el arresto del alcalde de Estambul.<\/h2>\n\n\n\n<p>Un tribunal liber\u00f3 este jueves en\u00a0<strong>Turqu\u00eda\u00a0<\/strong>a siete periodistas que fueron detenidos por cubrir las protestas masivas que sacuden el pa\u00eds, informaron medios internacionales.<\/p>\n\n\n\n<p>Mientras tanto,&nbsp;<strong>la Polic\u00eda disolvi\u00f3 una protesta antigubernamental en Ankara&nbsp;<\/strong>en la madrugada de este jueves.<\/p>\n\n\n\n<p><strong>Todo se inici\u00f3 con el arresto del alcalde de Estambul, Ekrem Imamoglu.<\/strong><\/p>\n\n\n\n<p><strong>&nbsp; Yasin Akgul, de 35 a\u00f1os, de la agence France Presse,&nbsp;<\/strong>fue uno de los siete periodistas turcos arrestados esta semana tras d\u00edas de cubrir las protestas masivas, que estallaron el 19 de marzo.<\/p>\n\n\n\n<p><strong>Akgul y sus colegas fueron arrestados en sus domicilios antes del amanecer y acusados \u200b\u200bde\u00a0<\/strong><em><strong>&#8220;participar\u00a0en manifestaciones y marchas ilegales y no dispersarse a pesar de las advertencias&#8221;,\u00a0<\/strong><\/em>seg\u00fan documentos judiciales, de acuerdo con la publicaci\u00f3n del sitio France 24.<\/p>\n\n\n\n<p><strong>Un tribunal de Estambul liber\u00f3 este jueves a Akgul y a los otros seis periodistas&nbsp;<\/strong>despu\u00e9s de que sus abogados se opusieran a su prisi\u00f3n preventiva, seg\u00fan informes de medios turcos.<\/p>\n\n\n\n<p><strong>Turqu\u00eda ocupa el puesto 158 de 180 pa\u00edses incluidos en la Clasificaci\u00f3n Mundial de la Libertad de Prensa 2024 elaborada por RSF.<\/strong><\/p>\n","protected":false},"excerpt":{"rendered":"<p>Un tribunal de Turqu\u00eda liber\u00f3 a siete periodistas detenidos por cubrir protestas masivas. La represi\u00f3n sigue tras el arresto del alcalde de Estambul. Un tribunal liber\u00f3 este jueves en\u00a0Turqu\u00eda\u00a0a siete&hellip; <\/p>\n","protected":false},"author":4,"featured_media":199166,"comment_status":"closed","ping_status":"open","sticky":false,"template":"","format":"standard","meta":{"footnotes":""},"categories":[11],"tags":[],"class_list":["post-199165","post","type-post","status-publish","format-standard","has-post-thumbnail","hentry","category-internacionales"],"_links":{"self":[{"href":"https:\/\/corrientesdetarde.com\/index.php\/wp-json\/wp\/v2\/posts\/199165","targetHints":{"allow":["GET"]}}],"collection":[{"href":"https:\/\/corrientesdetarde.com\/index.php\/wp-json\/wp\/v2\/posts"}],"about":[{"href":"https:\/\/corrientesdetarde.com\/index.php\/wp-json\/wp\/v2\/types\/post"}],"author":[{"embeddable":true,"href":"https:\/\/corrientesdetarde.com\/index.php\/wp-json\/wp\/v2\/users\/4"}],"replies":[{"embeddable":true,"href":"https:\/\/corrientesdetarde.com\/index.php\/wp-json\/wp\/v2\/comments?post=199165"}],"version-history":[{"count":1,"href":"https:\/\/corrientesdetarde.com\/index.php\/wp-json\/wp\/v2\/posts\/199165\/revisions"}],"predecessor-version":[{"id":199167,"href":"https:\/\/corrientesdetarde.com\/index.php\/wp-json\/wp\/v2\/posts\/199165\/revisions\/199167"}],"wp:featuredmedia":[{"embeddable":true,"href":"https:\/\/corrientesdetarde.com\/index.php\/wp-json\/wp\/v2\/media\/199166"}],"wp:attachment":[{"href":"https:\/\/corrientesdetarde.com\/index.php\/wp-json\/wp\/v2\/media?parent=199165"}],"wp:term":[{"taxonomy":"category","embeddable":true,"href":"https:\/\/corrientesdetarde.com\/index.php\/wp-json\/wp\/v2\/categories?post=199165"},{"taxonomy":"post_tag","embeddable":true,"href":"https:\/\/corrientesdetarde.com\/index.php\/wp-json\/wp\/v2\/tags?post=199165"}],"curies":[{"name":"wp","href":"https:\/\/api.w.org\/{rel}","templated":true}]}}