{"id":199205,"date":"2025-03-28T08:19:32","date_gmt":"2025-03-28T11:19:32","guid":{"rendered":"https:\/\/corrientesdetarde.com\/?p=199205"},"modified":"2025-03-28T08:19:36","modified_gmt":"2025-03-28T11:19:36","slug":"alerta-naranja-y-amarilla-para-la-provincia","status":"publish","type":"post","link":"https:\/\/corrientesdetarde.com\/index.php\/clima\/alerta-naranja-y-amarilla-para-la-provincia\/","title":{"rendered":"Alerta naranja y amarilla para la provincia"},"content":{"rendered":"\n<p>El Servicio Meteorol\u00f3gico Nacional emiti\u00f3 este viernes que la ciudad de Corrientes como algunas localidades del interior, se encuentran bajo alerta amarilla y naranja por tormentas fuertes.<\/p>\n\n\n\n<figure class=\"wp-block-image size-full\"><img loading=\"lazy\" decoding=\"async\" width=\"774\" height=\"352\" src=\"https:\/\/corrientesdetarde.com\/wp-content\/uploads\/2025\/03\/image-1155.png\" alt=\"\" class=\"wp-image-199209\" srcset=\"https:\/\/corrientesdetarde.com\/wp-content\/uploads\/2025\/03\/image-1155.png 774w, https:\/\/corrientesdetarde.com\/wp-content\/uploads\/2025\/03\/image-1155-300x136.png 300w, https:\/\/corrientesdetarde.com\/wp-content\/uploads\/2025\/03\/image-1155-768x349.png 768w\" sizes=\"auto, (max-width: 774px) 100vw, 774px\" \/><\/figure>\n\n\n\n<p><\/p>\n\n\n<div class=\"wp-block-image\">\n<figure class=\"aligncenter\"><img decoding=\"async\" src=\"https:\/\/pxcdn.ellitoral.com.ar\/litoral\/032025\/1743159019518\/as.png?cw=807\" alt=\"Corrientes est\u00e1 bajo alerta naranja y amarilla \" title=\"Corrientes est\u00e1 bajo alerta naranja y amarilla -\"\/><\/figure>\n<\/div>\n\n<div class=\"wp-block-image\">\n<figure class=\"aligncenter\"><img decoding=\"async\" src=\"https:\/\/pxcdn.ellitoral.com.ar\/litoral\/032025\/1743159100924\/ada.png?cw=807\" alt=\"Corrientes est\u00e1 bajo alerta naranja y amarilla \" title=\"Corrientes est\u00e1 bajo alerta naranja y amarilla -\"\/><\/figure>\n<\/div>\n\n\n<p>Las localidades que est\u00e1n bajo alerta por lluvias y tormentas son:&nbsp;<strong>Ber\u00f3n de Astrada &#8211; Capita<\/strong><strong>l &#8211; Empedrado &#8211; General Paz &#8211; Itat\u00ed &#8211; Mburucuy\u00e1 &#8211; Saladas &#8211; San Cosme &#8211; Sa<\/strong><strong>n Luis del Palmar &#8211; General Alvear &#8211; Paso de los Libres &#8211; San Mart\u00edn &#8211; Santo Tom\u00e9 &#8211; Bella Vista &#8211; Esquina &#8211; Goya &#8211; Lavalle<\/strong><\/p>\n\n\n\n<p>Seg\u00fan el organismo, se espera&nbsp;<strong>una intensa actividad el\u00e9ctrica con abundante ca\u00edda de agua en cortos per\u00edodos, r\u00e1fagas que podr\u00e1n superar los 60 km\/h y ocasional ca\u00edda de granizo<\/strong><\/p>\n\n\n\n<p>Se prev\u00e9n valores de precipitaci\u00f3n acumulada entre 20 y 40 mm, pudiendo ser superados en forma puntual.<\/p>\n\n\n\n<figure class=\"wp-block-image size-full\"><img loading=\"lazy\" decoding=\"async\" width=\"768\" height=\"672\" src=\"https:\/\/corrientesdetarde.com\/wp-content\/uploads\/2025\/03\/image-1154.png\" alt=\"\" class=\"wp-image-199208\" srcset=\"https:\/\/corrientesdetarde.com\/wp-content\/uploads\/2025\/03\/image-1154.png 768w, https:\/\/corrientesdetarde.com\/wp-content\/uploads\/2025\/03\/image-1154-300x263.png 300w\" sizes=\"auto, (max-width: 768px) 100vw, 768px\" \/><\/figure>\n\n\n\n<p><a href=\"https:\/\/weather.com\/es-AR\/tiempo\/hoy\/l\/1c6d3a4c711976664a27d57f8e5f65eda9e392035a90f9a5aef811afbe9d7304\" data-type=\"link\" data-id=\"https:\/\/weather.com\/es-AR\/tiempo\/hoy\/l\/1c6d3a4c711976664a27d57f8e5f65eda9e392035a90f9a5aef811afbe9d7304\" target=\"_blank\" rel=\"noreferrer noopener\">Fuente<\/a><\/p>\n\n\n\n<p><strong>Recomendaciones de cuidado durante la jornada:<\/strong><\/p>\n\n\n\n<p><strong>Para el alerta Amarillo:<\/strong><\/p>\n\n\n\n<p>1- No retirar la base. Retire los objetos que impidan que el agua se oscurezca.<\/p>\n\n\n\n<p>2- Evita las actividades al aire libre.<\/p>\n\n\n\n<p>3- No te refugies cerca de \u00e1rboles y postes de electricidad que puedan caer.<\/p>\n\n\n\n<p>4- Para minimizar el riesgo de ser alcanzado por un rayo, no permanecer en playas, r\u00edos, lagunas o montones.<\/p>\n\n\n\n<p>5- Presta atenci\u00f3n a posible granizo.<\/p>\n\n\n\n<p>6- Informar a las autoridades. Siempre tienes una mochila de emergencia con linterna, radio, documentos y tel\u00e9fono.<\/p>\n\n\n\n<p><br><strong>Para el alerta Naranja:<\/strong><br>1- Permanecer&nbsp;en construcciones cerradas como casas, escuelas o edificios.<\/p>\n\n\n\n<p>2- Mantenete alejado de artefactos el\u00e9ctricos y evit\u00e1 el uso de tel\u00e9fonos con cable.<\/p>\n\n\n\n<p>3-Si est\u00e1s viajando, quedate en el interior del veh\u00edculo. Los autom\u00f3viles ofrecen una excelente protecci\u00f3n.<\/p>\n\n\n\n<p>4- Evit\u00e1 circular por calles inundadas o afectadas.<\/p>\n\n\n\n<p>5- Si hay riesgo de que el agua ingrese en tu casa, cort\u00e1 el suministro el\u00e9ctrico.<\/p>\n","protected":false},"excerpt":{"rendered":"<p>El Servicio Meteorol\u00f3gico Nacional emiti\u00f3 este viernes que la ciudad de Corrientes como algunas localidades del interior, se encuentran bajo alerta amarilla y naranja por tormentas fuertes. Las localidades que&hellip; <\/p>\n","protected":false},"author":1,"featured_media":198268,"comment_status":"closed","ping_status":"open","sticky":false,"template":"","format":"standard","meta":{"footnotes":""},"categories":[29],"tags":[],"class_list":["post-199205","post","type-post","status-publish","format-standard","has-post-thumbnail","hentry","category-clima"],"_links":{"self":[{"href":"https:\/\/corrientesdetarde.com\/index.php\/wp-json\/wp\/v2\/posts\/199205","targetHints":{"allow":["GET"]}}],"collection":[{"href":"https:\/\/corrientesdetarde.com\/index.php\/wp-json\/wp\/v2\/posts"}],"about":[{"href":"https:\/\/corrientesdetarde.com\/index.php\/wp-json\/wp\/v2\/types\/post"}],"author":[{"embeddable":true,"href":"https:\/\/corrientesdetarde.com\/index.php\/wp-json\/wp\/v2\/users\/1"}],"replies":[{"embeddable":true,"href":"https:\/\/corrientesdetarde.com\/index.php\/wp-json\/wp\/v2\/comments?post=199205"}],"version-history":[{"count":1,"href":"https:\/\/corrientesdetarde.com\/index.php\/wp-json\/wp\/v2\/posts\/199205\/revisions"}],"predecessor-version":[{"id":199210,"href":"https:\/\/corrientesdetarde.com\/index.php\/wp-json\/wp\/v2\/posts\/199205\/revisions\/199210"}],"wp:featuredmedia":[{"embeddable":true,"href":"https:\/\/corrientesdetarde.com\/index.php\/wp-json\/wp\/v2\/media\/198268"}],"wp:attachment":[{"href":"https:\/\/corrientesdetarde.com\/index.php\/wp-json\/wp\/v2\/media?parent=199205"}],"wp:term":[{"taxonomy":"category","embeddable":true,"href":"https:\/\/corrientesdetarde.com\/index.php\/wp-json\/wp\/v2\/categories?post=199205"},{"taxonomy":"post_tag","embeddable":true,"href":"https:\/\/corrientesdetarde.com\/index.php\/wp-json\/wp\/v2\/tags?post=199205"}],"curies":[{"name":"wp","href":"https:\/\/api.w.org\/{rel}","templated":true}]}}