{"id":199212,"date":"2025-03-28T10:42:10","date_gmt":"2025-03-28T13:42:10","guid":{"rendered":"https:\/\/corrientesdetarde.com\/?p=199212"},"modified":"2025-03-28T10:42:24","modified_gmt":"2025-03-28T13:42:24","slug":"un-camion-corto-cables-de-alta-tension-y-se-incendio-en-plena-via-publica","status":"publish","type":"post","link":"https:\/\/corrientesdetarde.com\/index.php\/sociales\/un-camion-corto-cables-de-alta-tension-y-se-incendio-en-plena-via-publica\/","title":{"rendered":"VIDEO: Un cami\u00f3n cort\u00f3 cables de alta tensi\u00f3n y se incendi\u00f3 en plena v\u00eda p\u00fablica"},"content":{"rendered":"\n<p>Un incendio se desat\u00f3 este viernes cuando un cami\u00f3n con una carga de colchones se prendi\u00f3 fuego cuando\u00a0circulaba por la calle ex V\u00eda, a pocos metros la intersecci\u00f3n con la calle San Lorenzo, de la ciudad de Corrientes.\u00a0<\/p>\n\n\n\n<p><\/p>\n\n\n\n<p>Al realizar un giro, el veh\u00edculo de gran porte entr\u00f3 en contacto con cables de alta tensi\u00f3n, provocando una chispa que origin\u00f3 el fuego.<\/p>\n\n\n\n<p>Al menos tres dotaciones de bomberos trabajaron en el lugar y lograron&nbsp;sofocar las llamas,&nbsp;evitando&nbsp;que el fuego se propagara en las casas vecinas.<\/p>\n\n\n\n<p>Sin embargo, el foco \u00edgneo gener\u00f3 serios da\u00f1os a un auto y una camioneta&nbsp;que estaban estacionados en el lugar.&nbsp;<\/p>\n\n\n\n<p>Los vecinos denunciaron que &#8220;alg\u00fan d\u00eda iba a pasar porque hay&nbsp;un comercio de venta de motos y vienen camiones de porte que tocan los cables del tendido el\u00e9ctrico&#8221;.<\/p>\n\n\n\n<p>Por el momento, no se reportaron heridos.<\/p>\n\n\n\n<figure class=\"wp-block-video\"><video height=\"1280\" style=\"aspect-ratio: 720 \/ 1280;\" width=\"720\" controls src=\"https:\/\/corrientesdetarde.com\/wp-content\/uploads\/2025\/03\/Un-camion-se-prendio-fuego-en-plena-calle-tras-arrancar-cables-electricos.mp4\"><\/video><\/figure>\n","protected":false},"excerpt":{"rendered":"<p>Un incendio se desat\u00f3 este viernes cuando un cami\u00f3n con una carga de colchones se prendi\u00f3 fuego cuando\u00a0circulaba por la calle ex V\u00eda, a pocos metros la intersecci\u00f3n con la&hellip; <\/p>\n","protected":false},"author":1,"featured_media":199227,"comment_status":"closed","ping_status":"open","sticky":false,"template":"","format":"standard","meta":{"footnotes":""},"categories":[17],"tags":[],"class_list":["post-199212","post","type-post","status-publish","format-standard","has-post-thumbnail","hentry","category-sociales"],"_links":{"self":[{"href":"https:\/\/corrientesdetarde.com\/index.php\/wp-json\/wp\/v2\/posts\/199212","targetHints":{"allow":["GET"]}}],"collection":[{"href":"https:\/\/corrientesdetarde.com\/index.php\/wp-json\/wp\/v2\/posts"}],"about":[{"href":"https:\/\/corrientesdetarde.com\/index.php\/wp-json\/wp\/v2\/types\/post"}],"author":[{"embeddable":true,"href":"https:\/\/corrientesdetarde.com\/index.php\/wp-json\/wp\/v2\/users\/1"}],"replies":[{"embeddable":true,"href":"https:\/\/corrientesdetarde.com\/index.php\/wp-json\/wp\/v2\/comments?post=199212"}],"version-history":[{"count":2,"href":"https:\/\/corrientesdetarde.com\/index.php\/wp-json\/wp\/v2\/posts\/199212\/revisions"}],"predecessor-version":[{"id":199229,"href":"https:\/\/corrientesdetarde.com\/index.php\/wp-json\/wp\/v2\/posts\/199212\/revisions\/199229"}],"wp:featuredmedia":[{"embeddable":true,"href":"https:\/\/corrientesdetarde.com\/index.php\/wp-json\/wp\/v2\/media\/199227"}],"wp:attachment":[{"href":"https:\/\/corrientesdetarde.com\/index.php\/wp-json\/wp\/v2\/media?parent=199212"}],"wp:term":[{"taxonomy":"category","embeddable":true,"href":"https:\/\/corrientesdetarde.com\/index.php\/wp-json\/wp\/v2\/categories?post=199212"},{"taxonomy":"post_tag","embeddable":true,"href":"https:\/\/corrientesdetarde.com\/index.php\/wp-json\/wp\/v2\/tags?post=199212"}],"curies":[{"name":"wp","href":"https:\/\/api.w.org\/{rel}","templated":true}]}}