{"id":199231,"date":"2025-03-28T12:08:37","date_gmt":"2025-03-28T15:08:37","guid":{"rendered":"https:\/\/corrientesdetarde.com\/?p=199231"},"modified":"2025-03-28T12:08:40","modified_gmt":"2025-03-28T15:08:40","slug":"10-anos-de-prision-para-un-hombre-que-abusaba-sexualmente-de-su-hija","status":"publish","type":"post","link":"https:\/\/corrientesdetarde.com\/index.php\/crimen-y-justicia\/10-anos-de-prision-para-un-hombre-que-abusaba-sexualmente-de-su-hija\/","title":{"rendered":"10 a\u00f1os de prisi\u00f3n para un hombre que abusaba sexualmente de su hija"},"content":{"rendered":"\n<p>El Superior Tribunal de Justicia (STJ) de Corrientes ratific\u00f3 este viernes la condena de un hombre a diez a\u00f1os de prisi\u00f3n por corrupci\u00f3n de menores y abuso sexual, delitos cometidos en perjuicio de su hija menor de edad. La sentencia N\u00b0 45, rechaz\u00f3 el recurso de casaci\u00f3n interpuesta por la defensa del condenado y confirm\u00f3 el fallo dictado por &nbsp;Tribunal de Juicio N\u00b01 de la capital provincial.<\/p>\n\n\n\n<p>El hombre fue condenado por delito de abuso sexual con acceso carnal, en la modalidad de delito continuado, en concurso ideal con corrupci\u00f3n de menores, agravado por la edad de la v\u00edctima, quien&nbsp;<strong>ten\u00eda trece a\u00f1os al momento de los hechos<\/strong>. Adem\u00e1s, se le imput\u00f3 el delito de resistencia a la autoridad.&nbsp;<\/p>\n\n\n\n<p>El Tribunal consider\u00f3 suficiente la prueba recabada durante el proceso, entre la cual se destac\u00f3 el testimonio de la v\u00edctima, quien declar\u00f3 a trav\u00e9s de la C\u00e1mara Gesell, as\u00ed como los informes psicol\u00f3gicos y psiqui\u00e1tricos que evidenciaron el profundo impacto del abuso en su salud mental.<\/p>\n\n\n\n<p><strong>VOTO DE MINISTROS:<\/strong><\/p>\n\n\n\n<p>El ministro del STJ, doctor Eduardo Gilberto Panseri, coincidi\u00f3 con la confirmaci\u00f3n de la condena, pero expres\u00f3 su disconformidad con el monto de la pena impuesta. En su voto particular,&nbsp;<strong>el magistrado argument\u00f3 que la pena de diez a\u00f1os de prisi\u00f3n resultaba insuficiente&nbsp;<\/strong>en relaci\u00f3n con la gravedad del delito y las circunstancias que lo rodearon. Destac\u00f3 que, aunque la pena establecida est\u00e1 dentro del rango de la ley, no refleja de manera adecuada la magnitud del da\u00f1o causado a la v\u00edctima y la especial vulnerabilidad derivada de que el agresor fuera su propio padre.<\/p>\n\n\n\n<p>Por otro lado, el ministro Alejandro Alberto Chain, subray\u00f3 que el n\u00famero y la calidad de las pruebas presentadas, particularmente el testimonio coherente de la menor y los informes del Servicio S.A.N.A., fueron fundamentales para la resoluci\u00f3n del caso. Los ministros Guillermo Horacio Semhan, Luis Eduardo Rey V\u00e1zquez y Fernando Augusto Niz tambi\u00e9n coincidieron con esta valoraci\u00f3n.<\/p>\n\n\n\n<p>El doctor Panseri, aunque respald\u00f3 la resoluci\u00f3n de la mayor\u00eda en cuanto a la condena, insisti\u00f3 en que la pena deb\u00eda ser revisada teniendo en cuenta los elementos agravantes del caso. Subray\u00f3 que&nbsp;<strong>la justificaci\u00f3n de la pena debe basarse no solo en la existencia del delito, sino en las circunstancias personales del autor, el contexto de vulnerabilidad de la v\u00edctima y el abuso de confianza perpetrado por el agresor, quien, como padre, deb\u00eda haber garantizado la protecci\u00f3n y el bienestar de su hija.<\/strong><\/p>\n\n\n\n<p>En este caso,&nbsp;<strong>Panseri consider\u00f3 que la pena impuesta estaba en un rango demasiado bajo dentro de la escala aplicable. Indic\u00f3 que la sanci\u00f3n pod\u00eda oscilar entre 6 y 16 a\u00f1os de prisi\u00f3n<\/strong>, pero que la sentencia no hab\u00eda contemplado con la suficiente severidad las circunstancias agravantes del hecho.<\/p>\n\n\n\n<p>En particular, resalt\u00f3 la vulnerabilidad de la v\u00edctima, quien ten\u00eda menos de 13 a\u00f1os, y el rol de su progenitor como agresor, lo que gener\u00f3 un abuso de confianza y una afectaci\u00f3n emocional profunda. Subray\u00f3 que&nbsp;<strong>\u201cel autor era su propio padre, la relaci\u00f3n de jerarqu\u00eda fue ejercida para lograr sus fines, cuando la v\u00edctima esperaba contenci\u00f3n, cari\u00f1o y cuidado\u201d<\/strong>.<\/p>\n","protected":false},"excerpt":{"rendered":"<p>El Superior Tribunal de Justicia (STJ) de Corrientes ratific\u00f3 este viernes la condena de un hombre a diez a\u00f1os de prisi\u00f3n por corrupci\u00f3n de menores y abuso sexual, delitos cometidos&hellip; <\/p>\n","protected":false},"author":1,"featured_media":195089,"comment_status":"closed","ping_status":"open","sticky":false,"template":"","format":"standard","meta":{"footnotes":""},"categories":[5],"tags":[],"class_list":["post-199231","post","type-post","status-publish","format-standard","has-post-thumbnail","hentry","category-crimen-y-justicia"],"_links":{"self":[{"href":"https:\/\/corrientesdetarde.com\/index.php\/wp-json\/wp\/v2\/posts\/199231","targetHints":{"allow":["GET"]}}],"collection":[{"href":"https:\/\/corrientesdetarde.com\/index.php\/wp-json\/wp\/v2\/posts"}],"about":[{"href":"https:\/\/corrientesdetarde.com\/index.php\/wp-json\/wp\/v2\/types\/post"}],"author":[{"embeddable":true,"href":"https:\/\/corrientesdetarde.com\/index.php\/wp-json\/wp\/v2\/users\/1"}],"replies":[{"embeddable":true,"href":"https:\/\/corrientesdetarde.com\/index.php\/wp-json\/wp\/v2\/comments?post=199231"}],"version-history":[{"count":1,"href":"https:\/\/corrientesdetarde.com\/index.php\/wp-json\/wp\/v2\/posts\/199231\/revisions"}],"predecessor-version":[{"id":199232,"href":"https:\/\/corrientesdetarde.com\/index.php\/wp-json\/wp\/v2\/posts\/199231\/revisions\/199232"}],"wp:featuredmedia":[{"embeddable":true,"href":"https:\/\/corrientesdetarde.com\/index.php\/wp-json\/wp\/v2\/media\/195089"}],"wp:attachment":[{"href":"https:\/\/corrientesdetarde.com\/index.php\/wp-json\/wp\/v2\/media?parent=199231"}],"wp:term":[{"taxonomy":"category","embeddable":true,"href":"https:\/\/corrientesdetarde.com\/index.php\/wp-json\/wp\/v2\/categories?post=199231"},{"taxonomy":"post_tag","embeddable":true,"href":"https:\/\/corrientesdetarde.com\/index.php\/wp-json\/wp\/v2\/tags?post=199231"}],"curies":[{"name":"wp","href":"https:\/\/api.w.org\/{rel}","templated":true}]}}