{"id":199239,"date":"2025-03-28T13:27:07","date_gmt":"2025-03-28T16:27:07","guid":{"rendered":"https:\/\/corrientesdetarde.com\/?p=199239"},"modified":"2025-03-31T08:28:53","modified_gmt":"2025-03-31T11:28:53","slug":"corrientes-futuro-tecno-2025","status":"publish","type":"post","link":"https:\/\/corrientesdetarde.com\/index.php\/eventos\/corrientes-futuro-tecno-2025\/","title":{"rendered":"CORRIENTES FUTURO TECNO 2025"},"content":{"rendered":"\n<p><br>Braillard Poccard: \u201cEsperamos que surjan vinculaciones y conexiones hacia el futuro\u201d<br>En horas de la ma\u00f1ana de la ma\u00f1ana del viernes 28 se llev\u00f3 a cabo la apertura del \u201cCorrientes Futuro Tecno 2025\u201d en el Consejo profesional de la ingenier\u00eda, arquitectura y agrimensura de Corrientes, un encuentro de especialistas con representantes del sector p\u00fablico y privado, para proponer respuestas tecnol\u00f3gicas aplicadas al desarrollo.<br>La misma estuvo a cargo del vicegobernador y presidente del Consejo de Crecimiento Econ\u00f3mico y Desarrollo Social Pedro Braillard Poccard, quien agradeci\u00f3 a los empresarios europeos por \u201chonrarnos con su visita y a todo el sector empresarial y comercial de Corrientes que constituyen la base fundamental del Consejo para el Crecimiento Econ\u00f3mico y Desarrollo Social que funciona hace m\u00e1s de una d\u00e9cada y tiene un papel fundamental en el programa de crecimiento de la provincia\u201d.<br>Tambi\u00e9n se\u00f1al\u00f3, \u201cestamos encarando un tema que tiene que ver con el futuro, y Corrientes apuesta al futuro, es una pol\u00edtica de Estado llevada adelante por el gobernador Vald\u00e9s, apostar al desaf\u00edo de las nuevas tecnolog\u00edas e inteligencia artificial y todo lo que ello implica en el desarrollo y crecimiento de nuestra provincia y que nuestra juventud tenga m\u00e1s oportunidades de las que pudimos haber tenido los mayores\u201d, y agreg\u00f3 su deseo de que de este encuentro \u201cpuedan surgir vinculaciones y conexiones hacia el futuro\u201d.<br>A su turno, la secretaria del Consejo profesional de la ingenier\u00eda, arquitecta Victoria Cruz, dio la bienvenida, \u201cestamos orgullosos de ser anfitriones de este tipo de encuentros, creemos que hay unir los lazos entre la parte profesional y la empresaria la tecnol\u00f3gica\u201d, y anhel\u00f3 un encuentro fruct\u00edfero para todos.<br>Antes de iniciar el espacio de las mesas de trabajo donde los empresarios europeos pudieron dialogar con empresarios correntinos para exponer sus propuestas, Jos\u00e9 Hern\u00e1nez, CEO de la Agencia 2VM y presidente de la Federaci\u00f3n Nacional de Digitalizaci\u00f3n y Blockchain de Espa\u00f1a, en di\u00e1logo con la prensa indic\u00f3 que, \u201cla idea de la Federaci\u00f3n es tender puentes, en este caso de la tecnolog\u00eda y el networking, intentar ayudar al empresario e instituciones de la regi\u00f3n y con el fin de orientar a una transformaci\u00f3n digital m\u00e1s eficiente\u201d.<\/p>\n\n\n\n<figure class=\"wp-block-embed is-type-video is-provider-youtube wp-block-embed-youtube wp-embed-aspect-16-9 wp-has-aspect-ratio\"><div class=\"wp-block-embed__wrapper\">\n<iframe loading=\"lazy\" title=\"Corrientes Futuro Tecno\" width=\"1110\" height=\"624\" src=\"https:\/\/www.youtube.com\/embed\/DdYruu7IWII?feature=oembed\" frameborder=\"0\" allow=\"accelerometer; autoplay; clipboard-write; encrypted-media; gyroscope; picture-in-picture; web-share\" referrerpolicy=\"strict-origin-when-cross-origin\" allowfullscreen><\/iframe>\n<\/div><\/figure>\n\n\n\n<p><\/p>\n\n\n\n<p><br>La misma estuvo a cargo del vicegobernador y presidente del Consejo de Crecimiento Econ\u00f3mico y Desarrollo Social Pedro Braillard Poccard, quien agradeci\u00f3 a los empresarios europeos por \u201chonrarnos con su visita y a todo el sector empresarial y comercial de Corrientes que constituyen la base fundamental del Consejo para el Crecimiento Econ\u00f3mico y Desarrollo Social que funciona hace m\u00e1s de una d\u00e9cada y tiene un papel fundamental en el programa de crecimiento de la provincia\u201d.<br>Tambi\u00e9n se\u00f1al\u00f3, \u201cestamos encarando un tema que tiene que ver con el futuro, y Corrientes apuesta al futuro, es una pol\u00edtica de Estado llevada adelante por el gobernador Vald\u00e9s, apostar al desaf\u00edo de las nuevas tecnolog\u00edas e inteligencia artificial y todo lo que ello implica en el desarrollo y crecimiento de nuestra provincia y que nuestra juventud tenga m\u00e1s oportunidades de las que pudimos haber tenido los mayores\u201d, y agreg\u00f3 su deseo de que de este encuentro \u201cpuedan surgir vinculaciones y conexiones hacia el futuro\u201d.<br>A su turno, la secretaria del Consejo profesional de la ingenier\u00eda, arquitecta Victoria Cruz, dio la bienvenida, \u201cestamos orgullosos de ser anfitriones de este tipo de encuentros, creemos que hay unir los lazos entre la parte profesional y la empresaria la tecnol\u00f3gica\u201d, y anhel\u00f3 un encuentro fruct\u00edfero para todos.<br>Antes de iniciar el espacio de las mesas de trabajo donde los empresarios europeos pudieron dialogar con empresarios correntinos para exponer sus propuestas, Jos\u00e9 Hern\u00e1nez, CEO de la Agencia 2VM y presidente de la Federaci\u00f3n Nacional de Digitalizaci\u00f3n y Blockchain de Espa\u00f1a, en di\u00e1logo con la prensa indic\u00f3 que, \u201cla idea de la Federaci\u00f3n es tender puentes, en este caso de la tecnolog\u00eda y el networking, intentar ayudar al empresario e instituciones de la regi\u00f3n y con el fin de orientar a una transformaci\u00f3n digital m\u00e1s eficiente\u201d.<\/p>\n\n\n\n<p><\/p>\n\n\n\n<figure class=\"wp-block-image size-large\"><img loading=\"lazy\" decoding=\"async\" width=\"1024\" height=\"683\" src=\"https:\/\/corrientesdetarde.com\/wp-content\/uploads\/2025\/03\/IMG-20250328-WA0017-1024x683.jpg\" alt=\"\" class=\"wp-image-199243\" srcset=\"https:\/\/corrientesdetarde.com\/wp-content\/uploads\/2025\/03\/IMG-20250328-WA0017-1024x683.jpg 1024w, https:\/\/corrientesdetarde.com\/wp-content\/uploads\/2025\/03\/IMG-20250328-WA0017-300x200.jpg 300w, https:\/\/corrientesdetarde.com\/wp-content\/uploads\/2025\/03\/IMG-20250328-WA0017-768x512.jpg 768w, https:\/\/corrientesdetarde.com\/wp-content\/uploads\/2025\/03\/IMG-20250328-WA0017-1536x1024.jpg 1536w, https:\/\/corrientesdetarde.com\/wp-content\/uploads\/2025\/03\/IMG-20250328-WA0017.jpg 1599w\" sizes=\"auto, (max-width: 1024px) 100vw, 1024px\" \/><\/figure>\n\n\n\n<p><br>Estuvieron presentes el senador provincial Di\u00f3genes Gonz\u00e1lez, el ministro de la Producci\u00f3n, Claudio Anselmo, el C\u00f3nsul de Espa\u00f1a, Valent\u00edn Arag\u00fc\u00e9s Alegre, el Vicec\u00f3nsul de Italia, Giovanni Foglia, El presidente de Telco, Manuel Vald\u00e9s, el presidente del Colegio p\u00fablico de abogados 1\u00b0 circunscripci\u00f3n Corrientes, Jos\u00e9 Cotello, miembros del Concejo de la ingenier\u00eda arquitectura y agrimensura de Corrientes, miembros de Appic, miembros del Consejo de Crecimiento Econ\u00f3mico y Desarrollo Social y el secretario de deporte y turismo de la municipalidad de corrientes, Juan Enrique Braillard Poccard.<br>Las empresas y entidades europeas que participan de \u201cCorrientes Futuro Tecno son\u201d Federaci\u00f3n Nacional de Digitalizaci\u00f3n y Blockchain (FNDB) representada por Jos\u00e9 Hern\u00e1ndez; C4E por Jordi Batalla (Blockchain y digitalizaci\u00f3n); Vermont Solutions por Jos\u00e9 Carlos Navarro (Sector bancario), Softalia por Toni Alur (Agroindustria y ganader\u00eda), CreaComercio por Francisco Javier L\u00f3pez Buyo (Log\u00edstica y gesti\u00f3n para empresas), Hubtrick por Francisco Garc\u00eda Cerrato (Plataformas de empleo); AIS por El\u00edas Bethencourt (Sector Bancario), tambi\u00e9n BlockTravel por Cristian Nieto (Turismo), World Mobile por Antonio Hern\u00e1ndez y Guillem Albets (Telecomunicaciones y blockchain).<\/p>\n\n\n\n<figure class=\"wp-block-image size-large\"><img loading=\"lazy\" decoding=\"async\" width=\"1024\" height=\"683\" src=\"https:\/\/corrientesdetarde.com\/wp-content\/uploads\/2025\/03\/IMG-20250328-WA0020-1024x683.jpg\" alt=\"\" class=\"wp-image-199240\" srcset=\"https:\/\/corrientesdetarde.com\/wp-content\/uploads\/2025\/03\/IMG-20250328-WA0020-1024x683.jpg 1024w, https:\/\/corrientesdetarde.com\/wp-content\/uploads\/2025\/03\/IMG-20250328-WA0020-300x200.jpg 300w, https:\/\/corrientesdetarde.com\/wp-content\/uploads\/2025\/03\/IMG-20250328-WA0020-768x512.jpg 768w, https:\/\/corrientesdetarde.com\/wp-content\/uploads\/2025\/03\/IMG-20250328-WA0020-1536x1024.jpg 1536w, https:\/\/corrientesdetarde.com\/wp-content\/uploads\/2025\/03\/IMG-20250328-WA0020.jpg 1599w\" sizes=\"auto, (max-width: 1024px) 100vw, 1024px\" \/><\/figure>\n\n\n\n<p><\/p>\n","protected":false},"excerpt":{"rendered":"<p>Braillard Poccard: \u201cEsperamos que surjan vinculaciones y conexiones hacia el futuro\u201dEn horas de la ma\u00f1ana de la ma\u00f1ana del viernes 28 se llev\u00f3 a cabo la apertura del \u201cCorrientes Futuro&hellip; <\/p>\n","protected":false},"author":1,"featured_media":199241,"comment_status":"closed","ping_status":"open","sticky":false,"template":"","format":"standard","meta":{"footnotes":""},"categories":[22,24],"tags":[],"class_list":["post-199239","post","type-post","status-publish","format-standard","has-post-thumbnail","hentry","category-eventos","category-tecnologia"],"_links":{"self":[{"href":"https:\/\/corrientesdetarde.com\/index.php\/wp-json\/wp\/v2\/posts\/199239","targetHints":{"allow":["GET"]}}],"collection":[{"href":"https:\/\/corrientesdetarde.com\/index.php\/wp-json\/wp\/v2\/posts"}],"about":[{"href":"https:\/\/corrientesdetarde.com\/index.php\/wp-json\/wp\/v2\/types\/post"}],"author":[{"embeddable":true,"href":"https:\/\/corrientesdetarde.com\/index.php\/wp-json\/wp\/v2\/users\/1"}],"replies":[{"embeddable":true,"href":"https:\/\/corrientesdetarde.com\/index.php\/wp-json\/wp\/v2\/comments?post=199239"}],"version-history":[{"count":3,"href":"https:\/\/corrientesdetarde.com\/index.php\/wp-json\/wp\/v2\/posts\/199239\/revisions"}],"predecessor-version":[{"id":199587,"href":"https:\/\/corrientesdetarde.com\/index.php\/wp-json\/wp\/v2\/posts\/199239\/revisions\/199587"}],"wp:featuredmedia":[{"embeddable":true,"href":"https:\/\/corrientesdetarde.com\/index.php\/wp-json\/wp\/v2\/media\/199241"}],"wp:attachment":[{"href":"https:\/\/corrientesdetarde.com\/index.php\/wp-json\/wp\/v2\/media?parent=199239"}],"wp:term":[{"taxonomy":"category","embeddable":true,"href":"https:\/\/corrientesdetarde.com\/index.php\/wp-json\/wp\/v2\/categories?post=199239"},{"taxonomy":"post_tag","embeddable":true,"href":"https:\/\/corrientesdetarde.com\/index.php\/wp-json\/wp\/v2\/tags?post=199239"}],"curies":[{"name":"wp","href":"https:\/\/api.w.org\/{rel}","templated":true}]}}