{"id":199248,"date":"2025-03-28T14:50:34","date_gmt":"2025-03-28T17:50:34","guid":{"rendered":"https:\/\/corrientesdetarde.com\/?p=199248"},"modified":"2025-03-28T14:50:36","modified_gmt":"2025-03-28T17:50:36","slug":"se-llevo-a-cabo-el-tercer-encuentro-de-mujeres-en-la-legislatura-provincial-de-corrientes","status":"publish","type":"post","link":"https:\/\/corrientesdetarde.com\/index.php\/eventossociedad\/se-llevo-a-cabo-el-tercer-encuentro-de-mujeres-en-la-legislatura-provincial-de-corrientes\/","title":{"rendered":"Se llev\u00f3 a cabo el tercer encuentro de mujeres en la legislatura provincial de Corrientes"},"content":{"rendered":"\n<p>En la Legislatura provincial, este viernes se concret\u00f3 el tercer encuentro en conmemoraci\u00f3n al Mes de la Mujer. El mismo es organizado por el Programa Provincial de Formaci\u00f3n y Capacitaci\u00f3n y est\u00e1 destinado a agentes del sector p\u00fablico y privado. En esta oportunidad se abordaron tem\u00e1ticas como el empoderamiento femenino y la Ley Micaela.<\/p>\n\n\n\n<p>El objetivo del encuentro es brindar a las mujeres un espacio de formaci\u00f3n que colabore con el desarrollo de habilidades blandas, as\u00ed como tambi\u00e9n brindar estrategias de acci\u00f3n para promover la participaci\u00f3n de las mujeres en la sociedad. \u201c<strong>El poder de una mujer no tiene l\u00edmites cuando decide creer en s\u00ed misma\u201d, fue el lema de este encuentro.<\/strong><\/p>\n\n\n\n<p>El evento estuvo encabezado por la presidenta del Consejo Provincial de la Mujer, Cecilia Berger, qui\u00e9n al tomar la palabra dijo que desde el organismo que preside&nbsp;<strong>\u201cbrindamos acompa\u00f1amiento y asesoramiento a las mujeres que est\u00e1n atravesando alg\u00fan tipo de situaci\u00f3n de violencia\u201d.<\/strong><\/p>\n\n\n\n<p>Asimismo, la funcionaria cont\u00f3 que, desde la instituci\u00f3n,&nbsp;<strong>\u201ccontamos con un equipo interdisciplinario de abogadas, trabajadoras sociales y psic\u00f3logas\u201d.<\/strong>&nbsp;<strong>&#8220;Aquellas mujeres que necesiten contenci\u00f3n y asistencia pueden acercarse&#8221;<\/strong>&nbsp;a la vez que se\u00f1al\u00f3 que en este espacio se llevan adelante entrevistas \u201ctotalmente de manera individual y conciencia\u201d, detall\u00f3<\/p>\n\n\n\n<p>Respecto a la Ley Micaela (Ley 27.499), Berger record\u00f3 que la misma establece la obligatoriedad para todos los funcionarios p\u00fablicos de capacitarse en g\u00e9nero y violencia de g\u00e9nero.<\/p>\n\n\n\n<p>La funcionaria, posteriormente, dio cuenta en este contexto que, durante esta jornada ser\u00e1 necesario detallar&nbsp;<strong>\u201cporqu\u00e9 llegamos a esta situaci\u00f3n, en la que las mujeres necesitamos un \u00edndice que nos proteja para tener igualdad, paz y armon\u00eda\u201d.<\/strong><\/p>\n\n\n\n<figure class=\"wp-block-image size-large\"><img loading=\"lazy\" decoding=\"async\" width=\"1024\" height=\"576\" src=\"https:\/\/corrientesdetarde.com\/wp-content\/uploads\/2025\/03\/image-1161-1024x576.png\" alt=\"\" class=\"wp-image-199249\" srcset=\"https:\/\/corrientesdetarde.com\/wp-content\/uploads\/2025\/03\/image-1161-1024x576.png 1024w, https:\/\/corrientesdetarde.com\/wp-content\/uploads\/2025\/03\/image-1161-300x169.png 300w, https:\/\/corrientesdetarde.com\/wp-content\/uploads\/2025\/03\/image-1161-768x432.png 768w, https:\/\/corrientesdetarde.com\/wp-content\/uploads\/2025\/03\/image-1161.png 1200w\" sizes=\"auto, (max-width: 1024px) 100vw, 1024px\" \/><\/figure>\n\n\n\n<p>A su turno, la directora de Capacitaci\u00f3n y Formaci\u00f3n del ministerio de Coordinaci\u00f3n y Planificaci\u00f3n, Liza Boyeras, destac\u00f3 la importancia de este ciclo de formaci\u00f3n impulsado por dicha cartera, en acompa\u00f1amiento a las mujeres. Subray\u00f3 las dificultades que enfrentan en distintos \u00e1mbitos y la necesidad de seguir trabajando en la sensibilizaci\u00f3n y visibilizaci\u00f3n de los derechos de la mujer, especialmente en el sector p\u00fablico.<\/p>\n\n\n\n<p>Boyeras, con m\u00e1s de 16 a\u00f1os de trayectoria en la administraci\u00f3n p\u00fablica, remarc\u00f3 los desaf\u00edos que persisten en el reconocimiento del rol de la mujer en el \u00e1mbito laboral.<\/p>\n\n\n\n<p>Destac\u00f3 adem\u00e1s la relevancia de generar conciencia y ser multiplicadoras de estos conocimientos, asegurando que ninguna mujer que atraviese situaciones de violencia o desigualdad, se sienta sola.<\/p>\n\n\n\n<p>Finalmente, agradeci\u00f3 la participaci\u00f3n de todas las asistentes y el compromiso de continuar fortaleciendo estos espacios de formaci\u00f3n y empoderamiento.<\/p>\n","protected":false},"excerpt":{"rendered":"<p>En la Legislatura provincial, este viernes se concret\u00f3 el tercer encuentro en conmemoraci\u00f3n al Mes de la Mujer. El mismo es organizado por el Programa Provincial de Formaci\u00f3n y Capacitaci\u00f3n&hellip; <\/p>\n","protected":false},"author":1,"featured_media":199250,"comment_status":"closed","ping_status":"open","sticky":false,"template":"","format":"standard","meta":{"footnotes":""},"categories":[1208],"tags":[],"class_list":["post-199248","post","type-post","status-publish","format-standard","has-post-thumbnail","hentry","category-eventossociedad"],"_links":{"self":[{"href":"https:\/\/corrientesdetarde.com\/index.php\/wp-json\/wp\/v2\/posts\/199248","targetHints":{"allow":["GET"]}}],"collection":[{"href":"https:\/\/corrientesdetarde.com\/index.php\/wp-json\/wp\/v2\/posts"}],"about":[{"href":"https:\/\/corrientesdetarde.com\/index.php\/wp-json\/wp\/v2\/types\/post"}],"author":[{"embeddable":true,"href":"https:\/\/corrientesdetarde.com\/index.php\/wp-json\/wp\/v2\/users\/1"}],"replies":[{"embeddable":true,"href":"https:\/\/corrientesdetarde.com\/index.php\/wp-json\/wp\/v2\/comments?post=199248"}],"version-history":[{"count":1,"href":"https:\/\/corrientesdetarde.com\/index.php\/wp-json\/wp\/v2\/posts\/199248\/revisions"}],"predecessor-version":[{"id":199251,"href":"https:\/\/corrientesdetarde.com\/index.php\/wp-json\/wp\/v2\/posts\/199248\/revisions\/199251"}],"wp:featuredmedia":[{"embeddable":true,"href":"https:\/\/corrientesdetarde.com\/index.php\/wp-json\/wp\/v2\/media\/199250"}],"wp:attachment":[{"href":"https:\/\/corrientesdetarde.com\/index.php\/wp-json\/wp\/v2\/media?parent=199248"}],"wp:term":[{"taxonomy":"category","embeddable":true,"href":"https:\/\/corrientesdetarde.com\/index.php\/wp-json\/wp\/v2\/categories?post=199248"},{"taxonomy":"post_tag","embeddable":true,"href":"https:\/\/corrientesdetarde.com\/index.php\/wp-json\/wp\/v2\/tags?post=199248"}],"curies":[{"name":"wp","href":"https:\/\/api.w.org\/{rel}","templated":true}]}}