{"id":199257,"date":"2025-03-28T15:54:36","date_gmt":"2025-03-28T18:54:36","guid":{"rendered":"https:\/\/corrientesdetarde.com\/?p=199257"},"modified":"2025-03-28T15:54:39","modified_gmt":"2025-03-28T18:54:39","slug":"la-dpec-realizara-trabajos-de-mejoras-en-capital-y-goya","status":"publish","type":"post","link":"https:\/\/corrientesdetarde.com\/index.php\/informacion-general\/la-dpec-realizara-trabajos-de-mejoras-en-capital-y-goya\/","title":{"rendered":"La DPEC realizar\u00e1 trabajos de mejoras en Capital y Goya"},"content":{"rendered":"\n<p>La Direcci\u00f3n Provincial de Energ\u00eda de Corrientes (DPEC) informa que con motivo de realizar mejoras en el servicio, este s\u00e1bado y lunes se interrumpir\u00e1 el servicio el\u00e9ctrico en determinadas zonas de la Capital, Goya y Carolina.<\/p>\n\n\n\n<p>En primer lugar, para ejecutar&nbsp;tareas de construcci\u00f3n de Subestaci\u00f3n Transformadora A\u00e9rea, este s\u00e1bado se cortar\u00e1 el servicio en Goya, de 7 a 11 horas. Afectar\u00e1 espec\u00edficamente a Colonia Carolina, Colonia Progreso, y parajes Maruchas, Maruchitas, Ifr\u00e1n, Batel y \u00e1reas de influencia.<\/p>\n\n\n\n<p>Por otra parte, para llevar adelante tareas de mantenimiento de L\u00edneas de Media Tensi\u00f3n (LMT), este lunes se suspender\u00e1 la provis\u00f3n de energ\u00eda el\u00e9ctrica en la ciudad de Corrientes, en la zona comprendida por los barrios San Benito, Colegio &#8220;San Benito&#8221;, barrios San Mart\u00edn y Galv\u00e1n, y alrededores. Est\u00e1 previsto que sea en el horario de 8 a 12.<\/p>\n\n\n\n<figure class=\"wp-block-image size-large\"><img loading=\"lazy\" decoding=\"async\" width=\"1024\" height=\"576\" src=\"https:\/\/corrientesdetarde.com\/wp-content\/uploads\/2025\/03\/image-1167-1024x576.png\" alt=\"\" class=\"wp-image-199259\" srcset=\"https:\/\/corrientesdetarde.com\/wp-content\/uploads\/2025\/03\/image-1167-1024x576.png 1024w, https:\/\/corrientesdetarde.com\/wp-content\/uploads\/2025\/03\/image-1167-300x169.png 300w, https:\/\/corrientesdetarde.com\/wp-content\/uploads\/2025\/03\/image-1167-768x432.png 768w, https:\/\/corrientesdetarde.com\/wp-content\/uploads\/2025\/03\/image-1167-1536x864.png 1536w, https:\/\/corrientesdetarde.com\/wp-content\/uploads\/2025\/03\/image-1167.png 1600w\" sizes=\"auto, (max-width: 1024px) 100vw, 1024px\" \/><\/figure>\n","protected":false},"excerpt":{"rendered":"<p>La Direcci\u00f3n Provincial de Energ\u00eda de Corrientes (DPEC) informa que con motivo de realizar mejoras en el servicio, este s\u00e1bado y lunes se interrumpir\u00e1 el servicio el\u00e9ctrico en determinadas zonas&hellip; <\/p>\n","protected":false},"author":1,"featured_media":199258,"comment_status":"closed","ping_status":"open","sticky":false,"template":"","format":"standard","meta":{"footnotes":""},"categories":[1],"tags":[],"class_list":["post-199257","post","type-post","status-publish","format-standard","has-post-thumbnail","hentry","category-informacion-general"],"_links":{"self":[{"href":"https:\/\/corrientesdetarde.com\/index.php\/wp-json\/wp\/v2\/posts\/199257","targetHints":{"allow":["GET"]}}],"collection":[{"href":"https:\/\/corrientesdetarde.com\/index.php\/wp-json\/wp\/v2\/posts"}],"about":[{"href":"https:\/\/corrientesdetarde.com\/index.php\/wp-json\/wp\/v2\/types\/post"}],"author":[{"embeddable":true,"href":"https:\/\/corrientesdetarde.com\/index.php\/wp-json\/wp\/v2\/users\/1"}],"replies":[{"embeddable":true,"href":"https:\/\/corrientesdetarde.com\/index.php\/wp-json\/wp\/v2\/comments?post=199257"}],"version-history":[{"count":1,"href":"https:\/\/corrientesdetarde.com\/index.php\/wp-json\/wp\/v2\/posts\/199257\/revisions"}],"predecessor-version":[{"id":199260,"href":"https:\/\/corrientesdetarde.com\/index.php\/wp-json\/wp\/v2\/posts\/199257\/revisions\/199260"}],"wp:featuredmedia":[{"embeddable":true,"href":"https:\/\/corrientesdetarde.com\/index.php\/wp-json\/wp\/v2\/media\/199258"}],"wp:attachment":[{"href":"https:\/\/corrientesdetarde.com\/index.php\/wp-json\/wp\/v2\/media?parent=199257"}],"wp:term":[{"taxonomy":"category","embeddable":true,"href":"https:\/\/corrientesdetarde.com\/index.php\/wp-json\/wp\/v2\/categories?post=199257"},{"taxonomy":"post_tag","embeddable":true,"href":"https:\/\/corrientesdetarde.com\/index.php\/wp-json\/wp\/v2\/tags?post=199257"}],"curies":[{"name":"wp","href":"https:\/\/api.w.org\/{rel}","templated":true}]}}