{"id":199267,"date":"2025-03-28T23:11:28","date_gmt":"2025-03-29T02:11:28","guid":{"rendered":"https:\/\/corrientesdetarde.com\/?p=199267"},"modified":"2025-03-28T23:11:49","modified_gmt":"2025-03-29T02:11:49","slug":"caso-loan-roberto-mendez-dejo-de-ser-el-abogado-de-la-familia","status":"publish","type":"post","link":"https:\/\/corrientesdetarde.com\/index.php\/politica\/caso-loan-roberto-mendez-dejo-de-ser-el-abogado-de-la-familia\/","title":{"rendered":"Caso Loan: Roberto M\u00e9ndez dej\u00f3 de ser el abogado de la familia"},"content":{"rendered":"\n<p>En el denominado &#8220;caso Loan&#8221;, en las \u00faltimas horas se confirm\u00f3 una nueva renuncia en la querella. Tambi\u00e9n dej\u00f3 de representar a la familia Pe\u00f1a el abogado Roberto M\u00e9ndez.&nbsp; &#8220;Vengo a renunciar a la representaci\u00f3n de la querella como abogado de los se\u00f1ores Mar\u00eda Luisa Noguera y Jos\u00e9 Mariano Pe\u00f1a, por motivos personales y profesionales que le manifest\u00e9 a mis clientes&#8221;, expresa el inicio del escrito presentado al Juzgado Federal Goya por el profesional.<\/p>\n\n\n\n<p>AMPLIAREMOS&#8230;<\/p>\n","protected":false},"excerpt":{"rendered":"<p>En el denominado &#8220;caso Loan&#8221;, en las \u00faltimas horas se confirm\u00f3 una nueva renuncia en la querella. Tambi\u00e9n dej\u00f3 de representar a la familia Pe\u00f1a el abogado Roberto M\u00e9ndez.&nbsp; &#8220;Vengo&hellip; <\/p>\n","protected":false},"author":4,"featured_media":199306,"comment_status":"closed","ping_status":"open","sticky":false,"template":"","format":"standard","meta":{"footnotes":""},"categories":[3],"tags":[],"class_list":["post-199267","post","type-post","status-publish","format-standard","has-post-thumbnail","hentry","category-politica"],"_links":{"self":[{"href":"https:\/\/corrientesdetarde.com\/index.php\/wp-json\/wp\/v2\/posts\/199267","targetHints":{"allow":["GET"]}}],"collection":[{"href":"https:\/\/corrientesdetarde.com\/index.php\/wp-json\/wp\/v2\/posts"}],"about":[{"href":"https:\/\/corrientesdetarde.com\/index.php\/wp-json\/wp\/v2\/types\/post"}],"author":[{"embeddable":true,"href":"https:\/\/corrientesdetarde.com\/index.php\/wp-json\/wp\/v2\/users\/4"}],"replies":[{"embeddable":true,"href":"https:\/\/corrientesdetarde.com\/index.php\/wp-json\/wp\/v2\/comments?post=199267"}],"version-history":[{"count":1,"href":"https:\/\/corrientesdetarde.com\/index.php\/wp-json\/wp\/v2\/posts\/199267\/revisions"}],"predecessor-version":[{"id":199307,"href":"https:\/\/corrientesdetarde.com\/index.php\/wp-json\/wp\/v2\/posts\/199267\/revisions\/199307"}],"wp:featuredmedia":[{"embeddable":true,"href":"https:\/\/corrientesdetarde.com\/index.php\/wp-json\/wp\/v2\/media\/199306"}],"wp:attachment":[{"href":"https:\/\/corrientesdetarde.com\/index.php\/wp-json\/wp\/v2\/media?parent=199267"}],"wp:term":[{"taxonomy":"category","embeddable":true,"href":"https:\/\/corrientesdetarde.com\/index.php\/wp-json\/wp\/v2\/categories?post=199267"},{"taxonomy":"post_tag","embeddable":true,"href":"https:\/\/corrientesdetarde.com\/index.php\/wp-json\/wp\/v2\/tags?post=199267"}],"curies":[{"name":"wp","href":"https:\/\/api.w.org\/{rel}","templated":true}]}}