{"id":199300,"date":"2025-03-28T20:59:03","date_gmt":"2025-03-28T23:59:03","guid":{"rendered":"https:\/\/corrientesdetarde.com\/?p=199300"},"modified":"2025-03-28T20:59:06","modified_gmt":"2025-03-28T23:59:06","slug":"anses-confirmo-un-aumento-del-24-para-las-asignaciones-familiares-en-abril","status":"publish","type":"post","link":"https:\/\/corrientesdetarde.com\/index.php\/nacionales\/anses-confirmo-un-aumento-del-24-para-las-asignaciones-familiares-en-abril\/","title":{"rendered":"ANSES confirm\u00f3 un aumento del 2,4% para las asignaciones familiares en abril"},"content":{"rendered":"\n<p>El aumento aplica para trabajadores en relaci\u00f3n de dependencia del sector privado y p\u00fablico, quienes cobran seguro por Desempleo y aquellos que tambi\u00e9n perciben la AUH y Asignaci\u00f3n por embarazo.<\/p>\n\n\n\n<p>La Administraci\u00f3n Nacional de la Seguridad Social (ANSES) dispuso un nuevo incremento en los montos y rangos de ingresos del grupo familiar para el cobro de las asignaciones familiares a partir de abril de 2025. El ajuste, que ser\u00e1 del 2,40%, responde a la movilidad establecida por la legislaci\u00f3n vigente.<\/p>\n\n\n\n<p>El aumento alcanza a los beneficiarios del R\u00e9gimen de Asignaciones Familiares instituido por la Ley N\u00ba 24.714, que abarca a trabajadores en relaci\u00f3n de dependencia del sector privado y p\u00fablico nacional, beneficiarios del Sistema Integrado Previsional Argentino (SIPA), del Seguro de Desempleo, del R\u00e9gimen Simplificado para Peque\u00f1os Contribuyentes (Monotributo), as\u00ed como tambi\u00e9n a quienes perciben la Asignaci\u00f3n Universal por Hijo (AUH) y la Asignaci\u00f3n por Embarazo para Protecci\u00f3n Social.<\/p>\n\n\n\n<p>Seg\u00fan lo establecido en la resoluci\u00f3n de ANSES, los nuevos valores ser\u00e1n aplicados a los beneficiarios a partir del mes de abril de 2025.<\/p>\n\n\n\n<ul class=\"wp-block-list\">\n<li>Los grupos familiares en los que al menos uno de sus integrantes perciba ingresos superiores a $2.105.438 quedar\u00e1n excluidos del cobro de asignaciones familiares, aun cuando la suma total de sus ingresos no supere el l\u00edmite m\u00e1ximo estipulado.<\/li>\n<\/ul>\n\n\n\n<p>El texto establece en su art\u00edculo primero &#8220;el incremento de los l\u00edmites y rangos de ingresos del grupo familiar y de los montos de las asignaciones familiares previstas en la Ley N\u00b0 24.714, sus normas complementarias y modificatorias, con excepci\u00f3n de las establecidas en los incisos d) y e) del art\u00edculo 6\u00b0 de la misma, ser\u00e1 equivalente a DOS CON CUARENTA CENT\u00c9SIMOS POR CIENTO (2,40%), que se aplicar\u00e1 sobre los l\u00edmites, rangos y montos establecidos en los Anexos mencionados en el art\u00edculo 2\u00b0&#8221;, de la Resoluci\u00f3n 152\/2025 del organismo.<\/p>\n\n\n\n<h2 class=\"wp-block-heading\">Montos de asignaciones familiares, seg\u00fan ingresos<\/h2>\n\n\n\n<p>A partir del pr\u00f3ximo mes, los trabajadores en relaci\u00f3n de dependencia, titulares de la prestaci\u00f3n por desempleo, monotributistas, veteranos de guerra, jubilados y pensionados con hijos de hasta 18 a\u00f1os percibir\u00e1n los siguientes montos por asignaci\u00f3n familiar, de acuerdo con el ingreso del grupo familiar. Estas mismas cifras tambi\u00e9n aplicar\u00e1n para la Asignaci\u00f3n Familiar Prenatal:<\/p>\n\n\n\n<ul class=\"wp-block-list\">\n<li>Para ingresos de hasta $795.177: $51.355 por hijo.<\/li>\n\n\n\n<li>Para ingresos entre $795.177,01 y $1.166.207: $34.640 por hijo.<\/li>\n\n\n\n<li>Para ingresos entre $1.166.207,01 y $1.346.428: $20.949 por hijo.<\/li>\n\n\n\n<li>Para ingresos entre $1.346.428,01 y $4.210.876: $10.807 por hijo.<\/li>\n<\/ul>\n\n\n\n<p>Asimismo, ANSES estableci\u00f3 los valores para otros beneficios:<\/p>\n\n\n\n<ul class=\"wp-block-list\">\n<li>Asignaci\u00f3n por nacimiento: $59.860.<\/li>\n\n\n\n<li>Asignaci\u00f3n por adopci\u00f3n: $357.924.<\/li>\n\n\n\n<li>Asignaci\u00f3n por matrimonio: $89.633.<\/li>\n\n\n\n<li>Ayuda escolar anual: $42.039 (con tope de ingreso familiar de $4.210.876).<\/li>\n\n\n\n<li>Ayuda escolar anual para hijo con discapacidad: $42.039 (sin tope de ingreso familiar).<\/li>\n<\/ul>\n","protected":false},"excerpt":{"rendered":"<p>El aumento aplica para trabajadores en relaci\u00f3n de dependencia del sector privado y p\u00fablico, quienes cobran seguro por Desempleo y aquellos que tambi\u00e9n perciben la AUH y Asignaci\u00f3n por embarazo.&hellip; <\/p>\n","protected":false},"author":4,"featured_media":199301,"comment_status":"closed","ping_status":"open","sticky":false,"template":"","format":"standard","meta":{"footnotes":""},"categories":[10],"tags":[],"class_list":["post-199300","post","type-post","status-publish","format-standard","has-post-thumbnail","hentry","category-nacionales"],"_links":{"self":[{"href":"https:\/\/corrientesdetarde.com\/index.php\/wp-json\/wp\/v2\/posts\/199300","targetHints":{"allow":["GET"]}}],"collection":[{"href":"https:\/\/corrientesdetarde.com\/index.php\/wp-json\/wp\/v2\/posts"}],"about":[{"href":"https:\/\/corrientesdetarde.com\/index.php\/wp-json\/wp\/v2\/types\/post"}],"author":[{"embeddable":true,"href":"https:\/\/corrientesdetarde.com\/index.php\/wp-json\/wp\/v2\/users\/4"}],"replies":[{"embeddable":true,"href":"https:\/\/corrientesdetarde.com\/index.php\/wp-json\/wp\/v2\/comments?post=199300"}],"version-history":[{"count":1,"href":"https:\/\/corrientesdetarde.com\/index.php\/wp-json\/wp\/v2\/posts\/199300\/revisions"}],"predecessor-version":[{"id":199302,"href":"https:\/\/corrientesdetarde.com\/index.php\/wp-json\/wp\/v2\/posts\/199300\/revisions\/199302"}],"wp:featuredmedia":[{"embeddable":true,"href":"https:\/\/corrientesdetarde.com\/index.php\/wp-json\/wp\/v2\/media\/199301"}],"wp:attachment":[{"href":"https:\/\/corrientesdetarde.com\/index.php\/wp-json\/wp\/v2\/media?parent=199300"}],"wp:term":[{"taxonomy":"category","embeddable":true,"href":"https:\/\/corrientesdetarde.com\/index.php\/wp-json\/wp\/v2\/categories?post=199300"},{"taxonomy":"post_tag","embeddable":true,"href":"https:\/\/corrientesdetarde.com\/index.php\/wp-json\/wp\/v2\/tags?post=199300"}],"curies":[{"name":"wp","href":"https:\/\/api.w.org\/{rel}","templated":true}]}}