{"id":199312,"date":"2025-03-29T00:55:52","date_gmt":"2025-03-29T03:55:52","guid":{"rendered":"https:\/\/corrientesdetarde.com\/?p=199312"},"modified":"2025-03-29T00:55:56","modified_gmt":"2025-03-29T03:55:56","slug":"concesion-de-rutas-nacionales-la-fec-insiste-en-la-necesidad-de-garantizar-condiciones-optimas-en-todos-los-tramos","status":"publish","type":"post","link":"https:\/\/corrientesdetarde.com\/index.php\/informacion-general\/concesion-de-rutas-nacionales-la-fec-insiste-en-la-necesidad-de-garantizar-condiciones-optimas-en-todos-los-tramos\/","title":{"rendered":"Concesi\u00f3n de rutas nacionales: la FEC insiste en la necesidad de garantizar condiciones \u00f3ptimas en todos los tramos\u00a0"},"content":{"rendered":"\n<p>Jorge G\u00f3mez, presidente de la entidad, manifest\u00f3 que la incertidumbre sobre el mantenimiento y la continuidad del servicio genera inquietud en el sector productivo y log\u00edstico.<\/p>\n\n\n\n<p>La Federaci\u00f3n Econ\u00f3mica de Corrientes expres\u00f3 su preocupaci\u00f3n ante la inminente finalizaci\u00f3n de la concesi\u00f3n de la Autov\u00eda 14 y la falta de precisiones sobre su futura gesti\u00f3n. Jorge G\u00f3mez, presidente de la entidad, manifest\u00f3 en di\u00e1logo con este medio que la incertidumbre sobre el mantenimiento y la continuidad del servicio genera inquietud en el sector productivo y log\u00edstico.<\/p>\n\n\n\n<p>&#8220;Hoy lo que sabemos es lo mismo que manejan los medios de comunicaci\u00f3n. No hemos obtenido respuestas concretas de Vialidad Nacional sobre los pr\u00f3ximos pasos. Sabemos que, tras el vencimiento de la concesi\u00f3n, hay un margen de hasta 12 meses para definir qui\u00e9n quedar\u00e1 a cargo, pero por ahora no hay anuncios oficiales&#8221;, se\u00f1al\u00f3 G\u00f3mez.<\/p>\n\n\n\n<p>El empresario advirti\u00f3 que la falta de mantenimiento en la autov\u00eda 14 ya es un problema serio, con deficiencias en la iluminaci\u00f3n, se\u00f1alizaci\u00f3n y condiciones de transitabilidad. &#8220;No es suficiente decir que se van a levantar barreras. Hay que garantizar que las rutas est\u00e9n en condiciones \u00f3ptimas, sobre todo teniendo en cuenta la importancia estrat\u00e9gica de este corredor para el Mercosur&#8221;, sostuvo.<\/p>\n\n\n\n<p>Adem\u00e1s, G\u00f3mez destac\u00f3 que el sector empresarial est\u00e1 ajustando costos y buscando mejorar su competitividad, pero hay variables externas que impactan en la actividad, como el estado de la infraestructura vial. &#8220;Estos problemas se traducen en mayores costos log\u00edsticos y, en consecuencia, en precios m\u00e1s altos para los consumidores&#8221;, advirti\u00f3.<\/p>\n\n\n\n<p>Desde la Federaci\u00f3n Econ\u00f3mica de Corrientes han intentado obtener respuestas formales a trav\u00e9s de notas y gestiones con las c\u00e1maras nacionales, como la C\u00e1mara Argentina de Comercio y la CAME, pero hasta el momento no han recibido respuestas concretas. &#8220;Necesitamos que Naci\u00f3n y la provincia se sienten a dialogar. No debe ser una disputa pol\u00edtica, sino una soluci\u00f3n efectiva para todos los sectores afectados&#8221;, enfatiz\u00f3.<\/p>\n\n\n\n<p>Por otro lado, G\u00f3mez tambi\u00e9n hizo referencia a la licitaci\u00f3n del Centro Unificado de Frontera en Santo Tom\u00e9-S\u00e3o Borja, prevista para el 4 de abril. &#8220;Las condiciones econ\u00f3micas han complicado la participaci\u00f3n de empresas argentinas, ya que el canon inicial exigido por Brasil es elevado y no se han definido mecanismos de pago accesibles&#8221;, explic\u00f3.<\/p>\n","protected":false},"excerpt":{"rendered":"<p>Jorge G\u00f3mez, presidente de la entidad, manifest\u00f3 que la incertidumbre sobre el mantenimiento y la continuidad del servicio genera inquietud en el sector productivo y log\u00edstico. La Federaci\u00f3n Econ\u00f3mica de&hellip; <\/p>\n","protected":false},"author":4,"featured_media":199313,"comment_status":"closed","ping_status":"open","sticky":false,"template":"","format":"standard","meta":{"footnotes":""},"categories":[1],"tags":[],"class_list":["post-199312","post","type-post","status-publish","format-standard","has-post-thumbnail","hentry","category-informacion-general"],"_links":{"self":[{"href":"https:\/\/corrientesdetarde.com\/index.php\/wp-json\/wp\/v2\/posts\/199312","targetHints":{"allow":["GET"]}}],"collection":[{"href":"https:\/\/corrientesdetarde.com\/index.php\/wp-json\/wp\/v2\/posts"}],"about":[{"href":"https:\/\/corrientesdetarde.com\/index.php\/wp-json\/wp\/v2\/types\/post"}],"author":[{"embeddable":true,"href":"https:\/\/corrientesdetarde.com\/index.php\/wp-json\/wp\/v2\/users\/4"}],"replies":[{"embeddable":true,"href":"https:\/\/corrientesdetarde.com\/index.php\/wp-json\/wp\/v2\/comments?post=199312"}],"version-history":[{"count":1,"href":"https:\/\/corrientesdetarde.com\/index.php\/wp-json\/wp\/v2\/posts\/199312\/revisions"}],"predecessor-version":[{"id":199314,"href":"https:\/\/corrientesdetarde.com\/index.php\/wp-json\/wp\/v2\/posts\/199312\/revisions\/199314"}],"wp:featuredmedia":[{"embeddable":true,"href":"https:\/\/corrientesdetarde.com\/index.php\/wp-json\/wp\/v2\/media\/199313"}],"wp:attachment":[{"href":"https:\/\/corrientesdetarde.com\/index.php\/wp-json\/wp\/v2\/media?parent=199312"}],"wp:term":[{"taxonomy":"category","embeddable":true,"href":"https:\/\/corrientesdetarde.com\/index.php\/wp-json\/wp\/v2\/categories?post=199312"},{"taxonomy":"post_tag","embeddable":true,"href":"https:\/\/corrientesdetarde.com\/index.php\/wp-json\/wp\/v2\/tags?post=199312"}],"curies":[{"name":"wp","href":"https:\/\/api.w.org\/{rel}","templated":true}]}}