{"id":199315,"date":"2025-03-29T08:00:09","date_gmt":"2025-03-29T11:00:09","guid":{"rendered":"https:\/\/corrientesdetarde.com\/?p=199315"},"modified":"2025-03-29T10:11:37","modified_gmt":"2025-03-29T13:11:37","slug":"apertura-2025-independiente-recibe-a-godoy-cruz-y-river-a-central","status":"publish","type":"post","link":"https:\/\/corrientesdetarde.com\/index.php\/deportes\/apertura-2025-independiente-recibe-a-godoy-cruz-y-river-a-central\/","title":{"rendered":"APERTURA 2025: INDEPENDIENTE RECIBE A GODOY CRUZ Y RIVER A CENTRAL"},"content":{"rendered":"\n<p>(Nicol\u00e1s Reif Coco Ram\u00f3n ) &#8211; El millonario, el canalla y el rojo se disputan la punta de la zona B.<\/p>\n\n\n\n<figure class=\"wp-block-embed is-type-video is-provider-youtube wp-block-embed-youtube wp-embed-aspect-16-9 wp-has-aspect-ratio\"><div class=\"wp-block-embed__wrapper\">\n<iframe loading=\"lazy\" title=\"Contin\u00faa la fecha de la Liga\" width=\"1110\" height=\"624\" src=\"https:\/\/www.youtube.com\/embed\/zclEiVvXHuA?feature=oembed\" frameborder=\"0\" allow=\"accelerometer; autoplay; clipboard-write; encrypted-media; gyroscope; picture-in-picture; web-share\" referrerpolicy=\"strict-origin-when-cross-origin\" allowfullscreen><\/iframe>\n<\/div><\/figure>\n\n\n\n<p>La decimoprimera fecha de la Copa de la Liga Apertura 2025 del f\u00fatbol argentino continuar\u00e1 este s\u00e1bado con cuatro encuentros.<br>En primer turno, desde las 16.30, por ESPN Premium, Instituto intentar\u00e1 cortar una racha de siete partidos sin conocer la victoria cuando reciba en C\u00f3rdoba a San Mart\u00edn de San Juan.<br>Posteriormente, a las 18.30, por TNT Sports, Central C\u00f3rdoba buscar\u00e1 acercarse a los puestos de vanguardia de la zona A cuando reciba en el Madre de Ciudades a uno de los protagonistas del certamen, Argentinos Juniors.<br>Quince minutos m\u00e1s tarde dar\u00e1 inicio el duelo entre Independiente y Godoy Cruz en Avellaneda (ESPN Premium). El rojo de Vaccari tratar\u00e1 de extender su racha invicta como local ante un tomba de irregular momento.<br>Finalmente la jornada futbolera de s\u00e1bado concluir\u00e1 en el Monumental con el partido entre River Plate y Rosario Central con transmisi\u00f3n de TNT Sports desde las 21 horas. En caso de ganar el conjunto dirigido por Marcelo Gallardo desplazar\u00e1 al elenco rosarino del segundo puesto de la zona B.<\/p>\n","protected":false},"excerpt":{"rendered":"<p>(Nicol\u00e1s Reif Coco Ram\u00f3n ) &#8211; El millonario, el canalla y el rojo se disputan la punta de la zona B. La decimoprimera fecha de la Copa de la Liga&hellip; <\/p>\n","protected":false},"author":11,"featured_media":199316,"comment_status":"closed","ping_status":"open","sticky":false,"template":"","format":"standard","meta":{"footnotes":""},"categories":[4],"tags":[],"class_list":["post-199315","post","type-post","status-publish","format-standard","has-post-thumbnail","hentry","category-deportes"],"_links":{"self":[{"href":"https:\/\/corrientesdetarde.com\/index.php\/wp-json\/wp\/v2\/posts\/199315","targetHints":{"allow":["GET"]}}],"collection":[{"href":"https:\/\/corrientesdetarde.com\/index.php\/wp-json\/wp\/v2\/posts"}],"about":[{"href":"https:\/\/corrientesdetarde.com\/index.php\/wp-json\/wp\/v2\/types\/post"}],"author":[{"embeddable":true,"href":"https:\/\/corrientesdetarde.com\/index.php\/wp-json\/wp\/v2\/users\/11"}],"replies":[{"embeddable":true,"href":"https:\/\/corrientesdetarde.com\/index.php\/wp-json\/wp\/v2\/comments?post=199315"}],"version-history":[{"count":2,"href":"https:\/\/corrientesdetarde.com\/index.php\/wp-json\/wp\/v2\/posts\/199315\/revisions"}],"predecessor-version":[{"id":199363,"href":"https:\/\/corrientesdetarde.com\/index.php\/wp-json\/wp\/v2\/posts\/199315\/revisions\/199363"}],"wp:featuredmedia":[{"embeddable":true,"href":"https:\/\/corrientesdetarde.com\/index.php\/wp-json\/wp\/v2\/media\/199316"}],"wp:attachment":[{"href":"https:\/\/corrientesdetarde.com\/index.php\/wp-json\/wp\/v2\/media?parent=199315"}],"wp:term":[{"taxonomy":"category","embeddable":true,"href":"https:\/\/corrientesdetarde.com\/index.php\/wp-json\/wp\/v2\/categories?post=199315"},{"taxonomy":"post_tag","embeddable":true,"href":"https:\/\/corrientesdetarde.com\/index.php\/wp-json\/wp\/v2\/tags?post=199315"}],"curies":[{"name":"wp","href":"https:\/\/api.w.org\/{rel}","templated":true}]}}