{"id":199521,"date":"2025-03-30T10:37:56","date_gmt":"2025-03-30T13:37:56","guid":{"rendered":"https:\/\/corrientesdetarde.com\/?p=199521"},"modified":"2025-03-30T10:38:00","modified_gmt":"2025-03-30T13:38:00","slug":"festival-de-san-patricio-con-gran-convocatoria-y-mas-de-150-canillas-en-corrientes","status":"publish","type":"post","link":"https:\/\/corrientesdetarde.com\/index.php\/eventos\/festival-de-san-patricio-con-gran-convocatoria-y-mas-de-150-canillas-en-corrientes\/","title":{"rendered":"Festival de San Patricio con gran convocatoria y m\u00e1s de 150 canillas en Corrientes"},"content":{"rendered":"\n<p>En la costanera Juan Pablo II se desarrolla la Fiesta de la Cerveza organizada por la Municipalidad de Corrientes y la C\u00e1mara Correntina de la Cerveza Artesanal. Participaron emprendedores del rubro de toda la provincia de Corrientes y del Chaco. Adem\u00e1s hubo patio gastron\u00f3mico, barras de tragos y gin tonic.&nbsp;<\/p>\n\n\n\n<p>Adem\u00e1s de degustar una variedad de cervezas artesanales, los vecinos y turistas que se acerque al espacio p\u00fablico puede disfrutar de una noche con un abanico de opciones para comer en el patio gastron\u00f3mico, adem\u00e1s de barras de tragos y de gin tonic.<\/p>\n\n\n\n<p>El subsecretario de Turismo del municipio, H\u00e9ctor D\u00e1vila, destac\u00f3 que esta propuesta &#8220;forma parte de los objetivos trazados desde el inicio de la gesti\u00f3n del intendente Eduardo Tassano de posicionar a Corrientes en una ciudad de eventos&#8221;, y &nbsp;resalt\u00f3 el trabajo conjunto con la C\u00e1mara Correntina de la Cerveza Artesanal &#8220;que fue una de las primeras que se amalgam\u00f3 como producto tur\u00edstico&#8221;.<\/p>\n\n\n\n<p>A su vez, el funcionario coment\u00f3 que en esta edici\u00f3n &#8220;con m\u00e1s de 150 canillas, contamos con un invitado de la c\u00e1mara muy especial para abrir un poco m\u00e1s el espectro del consumidor, presentando un stand con cerveza sin tacc&#8221;.<\/p>\n\n\n\n<p>D\u00e1vila resalt\u00f3 la participaci\u00f3n tambi\u00e9n de los emprendedores gastron\u00f3micos quienes junto con los cerveceros &#8220;logran que cada edici\u00f3n de esta fiesta sea de gran \u00e9xito, muy convocante, adem\u00e1s de que quienes se acerquen a la costanera puedan disfrutar tambi\u00e9n de grandes espect\u00e1culos de m\u00fasica en vivo&#8221;.<\/p>\n\n\n\n<p>Jimena Gasparri es una de las emprendedoras cerveceras que participa con su cerveza I Por\u00e1. &#8220;La elaboramos hace dos a\u00f1os y esta propuesta nos parece buen\u00edsima. Festejar San Patricio es muy importante para los cerveceros en nuestro d\u00eda, es lo que nos representa y estamos muy contentos del apoyo que tenemos para venir a participar&#8221;, expres\u00f3 la joven emprendedora.<\/p>\n\n\n\n<p>&#8220;Producimos cervezas tradicionales, como cerveza rubia con una malta base Pilsen, cerveza negra, tambi\u00e9n hacemos una cerveza Porter, es un estilo que a nosotros nos gusta mucho. Tenemos Amber, que es una cerveza con un color rojizo que se hace con una malta caramelo que es un poco m\u00e1s dulce y tenemos las que son ahora de temporada, la Session Ipa, que son m\u00e1s arom\u00e1ticas y tratan de tener un amargor suave&#8221;, detall\u00f3.<\/p>\n\n\n\n<figure class=\"wp-block-image size-full\"><img loading=\"lazy\" decoding=\"async\" width=\"850\" height=\"566\" src=\"https:\/\/corrientesdetarde.com\/wp-content\/uploads\/2025\/03\/image-1207.png\" alt=\"\" class=\"wp-image-199523\" srcset=\"https:\/\/corrientesdetarde.com\/wp-content\/uploads\/2025\/03\/image-1207.png 850w, https:\/\/corrientesdetarde.com\/wp-content\/uploads\/2025\/03\/image-1207-300x200.png 300w, https:\/\/corrientesdetarde.com\/wp-content\/uploads\/2025\/03\/image-1207-768x511.png 768w\" sizes=\"auto, (max-width: 850px) 100vw, 850px\" \/><\/figure>\n","protected":false},"excerpt":{"rendered":"<p>En la costanera Juan Pablo II se desarrolla la Fiesta de la Cerveza organizada por la Municipalidad de Corrientes y la C\u00e1mara Correntina de la Cerveza Artesanal. Participaron emprendedores del&hellip; <\/p>\n","protected":false},"author":1,"featured_media":199522,"comment_status":"closed","ping_status":"open","sticky":false,"template":"","format":"standard","meta":{"footnotes":""},"categories":[22],"tags":[],"class_list":["post-199521","post","type-post","status-publish","format-standard","has-post-thumbnail","hentry","category-eventos"],"_links":{"self":[{"href":"https:\/\/corrientesdetarde.com\/index.php\/wp-json\/wp\/v2\/posts\/199521","targetHints":{"allow":["GET"]}}],"collection":[{"href":"https:\/\/corrientesdetarde.com\/index.php\/wp-json\/wp\/v2\/posts"}],"about":[{"href":"https:\/\/corrientesdetarde.com\/index.php\/wp-json\/wp\/v2\/types\/post"}],"author":[{"embeddable":true,"href":"https:\/\/corrientesdetarde.com\/index.php\/wp-json\/wp\/v2\/users\/1"}],"replies":[{"embeddable":true,"href":"https:\/\/corrientesdetarde.com\/index.php\/wp-json\/wp\/v2\/comments?post=199521"}],"version-history":[{"count":1,"href":"https:\/\/corrientesdetarde.com\/index.php\/wp-json\/wp\/v2\/posts\/199521\/revisions"}],"predecessor-version":[{"id":199524,"href":"https:\/\/corrientesdetarde.com\/index.php\/wp-json\/wp\/v2\/posts\/199521\/revisions\/199524"}],"wp:featuredmedia":[{"embeddable":true,"href":"https:\/\/corrientesdetarde.com\/index.php\/wp-json\/wp\/v2\/media\/199522"}],"wp:attachment":[{"href":"https:\/\/corrientesdetarde.com\/index.php\/wp-json\/wp\/v2\/media?parent=199521"}],"wp:term":[{"taxonomy":"category","embeddable":true,"href":"https:\/\/corrientesdetarde.com\/index.php\/wp-json\/wp\/v2\/categories?post=199521"},{"taxonomy":"post_tag","embeddable":true,"href":"https:\/\/corrientesdetarde.com\/index.php\/wp-json\/wp\/v2\/tags?post=199521"}],"curies":[{"name":"wp","href":"https:\/\/api.w.org\/{rel}","templated":true}]}}