{"id":199558,"date":"2025-03-30T21:00:48","date_gmt":"2025-03-31T00:00:48","guid":{"rendered":"https:\/\/corrientesdetarde.com\/?p=199558"},"modified":"2025-03-30T21:00:52","modified_gmt":"2025-03-31T00:00:52","slug":"murio-un-motociclista-tras-impactar-contra-la-barrera-de-una-ruta-en-corrientes","status":"publish","type":"post","link":"https:\/\/corrientesdetarde.com\/index.php\/policiales\/murio-un-motociclista-tras-impactar-contra-la-barrera-de-una-ruta-en-corrientes\/","title":{"rendered":"Muri\u00f3 un motociclista tras impactar contra la barrera de una ruta en Corrientes"},"content":{"rendered":"\n<p>Muri\u00f3 un hombre tras perder el&nbsp;control de su moto y chocar&nbsp;contra la barrera de la&nbsp;ruta Provincial N\u00b05, en Corrientes, inform\u00f3 este domingo la Polic\u00eda de Corrientes.&nbsp;<\/p>\n\n\n\n<p>El siniestro se registr\u00f3 por ruta Provincial N\u00b05, en cercan\u00edas de la zona conocida como las dos curvas, y tuvo como protagonista a&nbsp;una motocicleta, marca Honda XR&nbsp;150, conducida por un hombre mayor de edad.&nbsp;<\/p>\n\n\n\n<p>Seg\u00fan la informaci\u00f3n&nbsp; inicial, el hombre de apellido Romero perdi\u00f3 el control del rodado y termin\u00f3&nbsp;impactado contra la barrera.<\/p>\n\n\n\n<p>Producto del siniestro,&nbsp;el motociclista fue trasladado al Hospital Escuela de esta ciudad, donde horas despu\u00e9s se produjo su deceso a ra\u00edz de las grav\u00edsimas lesiones que presentaba.<\/p>\n\n\n\n<p>En el lugar se realizaron las diligencias del caso, dando intervenci\u00f3n a la unidad fiscal en turno, en tanto, en la Comisar\u00eda decima urbana se prosigue con los tramites del caso.<\/p>\n","protected":false},"excerpt":{"rendered":"<p>Muri\u00f3 un hombre tras perder el&nbsp;control de su moto y chocar&nbsp;contra la barrera de la&nbsp;ruta Provincial N\u00b05, en Corrientes, inform\u00f3 este domingo la Polic\u00eda de Corrientes.&nbsp; El siniestro se registr\u00f3&hellip; <\/p>\n","protected":false},"author":1,"featured_media":199559,"comment_status":"closed","ping_status":"open","sticky":false,"template":"","format":"standard","meta":{"footnotes":""},"categories":[33],"tags":[],"class_list":["post-199558","post","type-post","status-publish","format-standard","has-post-thumbnail","hentry","category-policiales"],"_links":{"self":[{"href":"https:\/\/corrientesdetarde.com\/index.php\/wp-json\/wp\/v2\/posts\/199558","targetHints":{"allow":["GET"]}}],"collection":[{"href":"https:\/\/corrientesdetarde.com\/index.php\/wp-json\/wp\/v2\/posts"}],"about":[{"href":"https:\/\/corrientesdetarde.com\/index.php\/wp-json\/wp\/v2\/types\/post"}],"author":[{"embeddable":true,"href":"https:\/\/corrientesdetarde.com\/index.php\/wp-json\/wp\/v2\/users\/1"}],"replies":[{"embeddable":true,"href":"https:\/\/corrientesdetarde.com\/index.php\/wp-json\/wp\/v2\/comments?post=199558"}],"version-history":[{"count":1,"href":"https:\/\/corrientesdetarde.com\/index.php\/wp-json\/wp\/v2\/posts\/199558\/revisions"}],"predecessor-version":[{"id":199560,"href":"https:\/\/corrientesdetarde.com\/index.php\/wp-json\/wp\/v2\/posts\/199558\/revisions\/199560"}],"wp:featuredmedia":[{"embeddable":true,"href":"https:\/\/corrientesdetarde.com\/index.php\/wp-json\/wp\/v2\/media\/199559"}],"wp:attachment":[{"href":"https:\/\/corrientesdetarde.com\/index.php\/wp-json\/wp\/v2\/media?parent=199558"}],"wp:term":[{"taxonomy":"category","embeddable":true,"href":"https:\/\/corrientesdetarde.com\/index.php\/wp-json\/wp\/v2\/categories?post=199558"},{"taxonomy":"post_tag","embeddable":true,"href":"https:\/\/corrientesdetarde.com\/index.php\/wp-json\/wp\/v2\/tags?post=199558"}],"curies":[{"name":"wp","href":"https:\/\/api.w.org\/{rel}","templated":true}]}}