{"id":199571,"date":"2025-03-31T08:21:09","date_gmt":"2025-03-31T11:21:09","guid":{"rendered":"https:\/\/corrientesdetarde.com\/?p=199571"},"modified":"2025-03-31T08:21:16","modified_gmt":"2025-03-31T11:21:16","slug":"motociclistas-graves-tras-chocar-contra-una-camioneta","status":"publish","type":"post","link":"https:\/\/corrientesdetarde.com\/index.php\/policiales\/motociclistas-graves-tras-chocar-contra-una-camioneta\/","title":{"rendered":"Motociclistas graves tras chocar contra una camioneta"},"content":{"rendered":"\n<p>El siniestro vial ocurri\u00f3 alrededor de las 23:30 del s\u00e1bado en la c\u00e9ntrica intersecci\u00f3n de las calles Bartolom\u00e9 Mitre y Moreno y los involucrados fueron una motocicleta Motomel de 110 cc., en la que se desplazaban un hombre de apellido Arriola y una mujer de apellido Castillo. Del otro lado, una camioneta Renault Kangoo al mando de un hombre identificado como Schumacher.<\/p>\n\n\n<div class=\"wp-block-image\">\n<figure class=\"aligncenter size-full\"><img loading=\"lazy\" decoding=\"async\" width=\"380\" height=\"393\" src=\"https:\/\/corrientesdetarde.com\/wp-content\/uploads\/2025\/03\/image-1223.png\" alt=\"\" class=\"wp-image-199576\" srcset=\"https:\/\/corrientesdetarde.com\/wp-content\/uploads\/2025\/03\/image-1223.png 380w, https:\/\/corrientesdetarde.com\/wp-content\/uploads\/2025\/03\/image-1223-290x300.png 290w\" sizes=\"auto, (max-width: 380px) 100vw, 380px\" \/><\/figure>\n<\/div>\n\n\n<p class=\"has-text-align-center\"><\/p>\n\n\n\n<p>Los dos veh\u00edculos se encontraron en la intersecci\u00f3n de las calles, de donde seg\u00fan indicaron fuentes policiales, la camioneta ten\u00eda la prioridad de paso, pero la moto sigui\u00f3 su marcha y los j\u00f3venes fueron impactados por la Kangoo.<\/p>\n\n\n\n<p>&nbsp; &nbsp;&nbsp;<br>La unidad de rescate de Bomberos Voluntarios de Esquina, fue la primera en llegar a la escena y debi\u00f3 asistir a las v\u00edctimas, que fueron r\u00e1pidamente inmovilizadas y trasladadas al hospital local, donde posteriormente los m\u00e9dicos determinaron que las lesiones que presentaban ambos eran graves, ya que sufrieron fracturas de tibia y peron\u00e9, producto del violento impacto.<\/p>\n\n\n\n<p>En el lugar del siniestro se llevaron a cabo las pericias accidentol\u00f3gicas de rigor para determinar las responsabilidades. Efectivos de la comisar\u00eda Primera de Esquina, con jurisdicci\u00f3n en la zona, realizan las diligencias judiciales sobre el siniestro.<\/p>\n","protected":false},"excerpt":{"rendered":"<p>El siniestro vial ocurri\u00f3 alrededor de las 23:30 del s\u00e1bado en la c\u00e9ntrica intersecci\u00f3n de las calles Bartolom\u00e9 Mitre y Moreno y los involucrados fueron una motocicleta Motomel de 110&hellip; <\/p>\n","protected":false},"author":1,"featured_media":183100,"comment_status":"closed","ping_status":"open","sticky":false,"template":"","format":"standard","meta":{"footnotes":""},"categories":[33],"tags":[],"class_list":["post-199571","post","type-post","status-publish","format-standard","has-post-thumbnail","hentry","category-policiales"],"_links":{"self":[{"href":"https:\/\/corrientesdetarde.com\/index.php\/wp-json\/wp\/v2\/posts\/199571","targetHints":{"allow":["GET"]}}],"collection":[{"href":"https:\/\/corrientesdetarde.com\/index.php\/wp-json\/wp\/v2\/posts"}],"about":[{"href":"https:\/\/corrientesdetarde.com\/index.php\/wp-json\/wp\/v2\/types\/post"}],"author":[{"embeddable":true,"href":"https:\/\/corrientesdetarde.com\/index.php\/wp-json\/wp\/v2\/users\/1"}],"replies":[{"embeddable":true,"href":"https:\/\/corrientesdetarde.com\/index.php\/wp-json\/wp\/v2\/comments?post=199571"}],"version-history":[{"count":2,"href":"https:\/\/corrientesdetarde.com\/index.php\/wp-json\/wp\/v2\/posts\/199571\/revisions"}],"predecessor-version":[{"id":199578,"href":"https:\/\/corrientesdetarde.com\/index.php\/wp-json\/wp\/v2\/posts\/199571\/revisions\/199578"}],"wp:featuredmedia":[{"embeddable":true,"href":"https:\/\/corrientesdetarde.com\/index.php\/wp-json\/wp\/v2\/media\/183100"}],"wp:attachment":[{"href":"https:\/\/corrientesdetarde.com\/index.php\/wp-json\/wp\/v2\/media?parent=199571"}],"wp:term":[{"taxonomy":"category","embeddable":true,"href":"https:\/\/corrientesdetarde.com\/index.php\/wp-json\/wp\/v2\/categories?post=199571"},{"taxonomy":"post_tag","embeddable":true,"href":"https:\/\/corrientesdetarde.com\/index.php\/wp-json\/wp\/v2\/tags?post=199571"}],"curies":[{"name":"wp","href":"https:\/\/api.w.org\/{rel}","templated":true}]}}