{"id":199581,"date":"2025-03-31T08:22:53","date_gmt":"2025-03-31T11:22:53","guid":{"rendered":"https:\/\/corrientesdetarde.com\/?p=199581"},"modified":"2025-03-31T08:22:57","modified_gmt":"2025-03-31T11:22:57","slug":"efemerides-del-31-de-marzo","status":"publish","type":"post","link":"https:\/\/corrientesdetarde.com\/index.php\/informacion-general\/efemerides-del-31-de-marzo\/","title":{"rendered":"Efem\u00e9rides del 31 de marzo"},"content":{"rendered":"\n<p>Cada<strong>\u00a031 de marzo\u00a0<\/strong>se celebran y conmemoran fechas que marcaron un antes y un despu\u00e9s tanto en Argentina como en el mundo.<\/p>\n\n\n\n<p><\/p>\n\n\n\n<p><strong>1596<\/strong>&nbsp;&#8211;&nbsp;<strong>NACE REN\u00c9 DESCARTES.<\/strong>&nbsp;Nace, un 31 de marzo, en la comuna francesa de La Haye en Touraine el f\u00edsico, fil\u00f3sofo y matem\u00e1tico&nbsp; Ren\u00e9 Descartes. Es considerado el padre de la geometr\u00eda anal\u00edtica y la filosof\u00eda moderna. Fue uno de los protagonistas de la revoluci\u00f3n cient\u00edfica. Su declaraci\u00f3n filos\u00f3fica m\u00e1s conocida es &#8220;pienso, luego existo&#8221;.<\/p>\n\n\n\n<p><strong>1685<\/strong>&nbsp;<strong>&#8211; NACE JOHANN S. BACH.<\/strong>&nbsp;Nace en la ciudad alemana de Eisenach el compositor y director de orquesta Johann Sebastian Bach. Fue uno de los m\u00fasicos m\u00e1s destacados del g\u00e9nero cl\u00e1sico barroco.<\/p>\n\n\n\n<p><strong>1878<\/strong>&nbsp;&#8211;<strong>&nbsp;NACE JACK JOHNSON<\/strong>. Nace en la ciudad de Galveston (Texas, EEUU) el boxeador estadounidense Jack Johnson, el primer pugilista afroamericano en ser campe\u00f3n mundial de los pesos pesados, t\u00edtulo que ostent\u00f3 entre 1908 y 1915.<\/p>\n\n\n\n<p><strong>1889<\/strong>&nbsp;&#8211;<strong>&nbsp;TORRE EIFFEL<\/strong>. Concluye en Par\u00eds la construcci\u00f3n de la Torre Eiffel, de 300 metros de alto y dise\u00f1ada por el ingeniero franc\u00e9s Alexandre Gustave Eiffel. Fue abierta por primera vez al p\u00fablico el 15 de mayo de 1889, durante la Exposici\u00f3n Universal de Par\u00eds, y es el s\u00edmbolo de la capital francesa.<\/p>\n\n\n\n<p><strong>1915<\/strong>&nbsp;&#8211;&nbsp;<strong>SIXTO PALAVECINO<\/strong>. Nace en la localidad santiague\u00f1a de Barrancas el m\u00fasico y cantante folkl\u00f3rico Sixto Palavecino, ganador de varios premios, entre ellos el Konex al mejor instrumentista hist\u00f3rico del folklore argentino.<\/p>\n\n\n\n<p><strong>1955<\/strong>&nbsp;&#8211;&nbsp;<strong>NACE ANGUS YOUNG<\/strong>. Nace en la ciudad de Glasgow (Escocia, Reino Unido) el m\u00fasico y compositor escoc\u00e9s nacionalizado australiano Angus Young, guitarrista y l\u00edder de la banda de hard rock AC\/DC, con la que vendi\u00f3 m\u00e1s de 200 millones de discos.<\/p>\n\n\n\n<p><strong>1967<\/strong>&nbsp;&#8211;&nbsp;<strong>JIMI HENDRIX<\/strong>. El guitarrista y compositor estadounidense Jimi Hendrix quema por primera vez su instrumento en un recital, un rito que luego repiti\u00f3 varias veces. Fue en la sala del Finsbury Park Astoria de Londres, ante unos 1.600 espectadores luego de interpretar Fire (Fuego), canci\u00f3n de The Jimi Hendrix Experience.<\/p>\n\n\n\n<p><strong>1968<\/strong>&nbsp;&#8211;&nbsp;<strong>V\u00c9LEZ SARSFIELD<\/strong>. Una asamblea de socios del Club Atl\u00e9tico V\u00e9lez S\u00e1rsfield decide llamar \u201cJos\u00e9 Amalfitani&#8221; al estadio de f\u00fatbol de la entidad en el barrio porte\u00f1o de Villa Luro. \u201cDon Pepe\u201d Amalfitani, afiliado al club en 1913, fue su presidente entre 1923 y 1925 y de 1941 a 1969.<\/p>\n\n\n\n<p><strong>1990<\/strong>&nbsp;&#8211;&nbsp;<strong>SILVIO RODR\u00cdGUEZ<\/strong>. Con la restauraci\u00f3n de la democracia chilena al cabo de 17 a\u00f1os de la dictadura militar del general Augusto Pinochet, el cantautor cubano Silvio Rodr\u00edguez vuelve a ofrecer un recital en Santiago de Chile. Unos 75.000 fans vitorearon al autor de \u201cSue\u00f1o con serpientes\u201d y otras populares canciones.<\/p>\n\n\n\n<p><strong>1999<\/strong>&nbsp;&#8211;&nbsp;<strong>SE ESTRENA MATRIX<\/strong>. Un 31 de marzo, se estrena en Estados Unidos la pel\u00edcula The matrix (La matriz), escrita y dirigida por las hermanas Lana y Lily Wachowski y protagonizada por Keanu Reeves, Laurence Fishburne y Carrie-Anne Moss. El filme revolucion\u00f3 los efectos visuales en el cine y gan\u00f3 cuatro \u00d3scar, entre otros premios. Fue el primero de una exitosa saga.<\/p>\n\n\n\n<figure class=\"wp-block-image\"><img decoding=\"async\" src=\"https:\/\/billiken.lat\/wp-content\/uploads\/2024\/03\/cuerpo-2024-03-27T163242.428.jpg\" alt=\"31 de marzo\" class=\"wp-image-78907\"\/><\/figure>\n\n\n\n<p><strong>2009<\/strong>&nbsp;&#8211;&nbsp;<strong>RA\u00daL ALFONS\u00cdN<\/strong>. A la edad de 82 a\u00f1os muere en Buenos Aires el abogado y expresidente Ra\u00fal Ricardo Alfons\u00edn, dirigente de la Uni\u00f3n C\u00edvica Radical,&nbsp; el primer mandatario elegido democr\u00e1ticamente al cabo de los siete a\u00f1os y seis meses de la \u00faltima dictadura c\u00edvico militar.<\/p>\n\n\n\n<p><strong>2025<\/strong>&nbsp;&#8211;&nbsp;<strong>C\u00c1NCER DE COLON.<\/strong>&nbsp;Se celebra el D\u00eda Mundial de Prevenci\u00f3n del C\u00e1ncer de Colon con el fin de concientizar sobre la necesidad de adoptar h\u00e1bitos de alimentaci\u00f3n saludable que previenen este tumor, as\u00ed tambi\u00e9n sobre la importancia de su diagn\u00f3stico precoz.<\/p>\n\n\n\n<p><strong>2025<\/strong>&nbsp;&#8211;&nbsp;<strong>VISIBILIDAD TRANS.<\/strong>&nbsp;Se celebra el D\u00eda Internacional de la Visibilidad Transg\u00e9nero, destinada al reconocimiento de las personas trans y crear conciencia sobre la necesidad de erradicar la discriminaci\u00f3n de las personas trans en todo el mundo. La jornada fue instituida en 2009 por la activista transg\u00e9nero estadounidense Rachel Crandall.<\/p>\n\n\n\n<p><strong>2025<\/strong>&nbsp;&#8211;&nbsp;<strong>D\u00cdA DEL AGUA.<\/strong>&nbsp;Se celebra el D\u00eda Nacional del Agua para concientizar a la poblaci\u00f3n argentina sobre el uso racional y preservaci\u00f3n de los recursos h\u00eddricos del pa\u00eds.<\/p>\n","protected":false},"excerpt":{"rendered":"<p>Cada\u00a031 de marzo\u00a0se celebran y conmemoran fechas que marcaron un antes y un despu\u00e9s tanto en Argentina como en el mundo. 1596&nbsp;&#8211;&nbsp;NACE REN\u00c9 DESCARTES.&nbsp;Nace, un 31 de marzo, en la&hellip; <\/p>\n","protected":false},"author":1,"featured_media":199582,"comment_status":"closed","ping_status":"open","sticky":false,"template":"","format":"standard","meta":{"footnotes":""},"categories":[1],"tags":[],"class_list":["post-199581","post","type-post","status-publish","format-standard","has-post-thumbnail","hentry","category-informacion-general"],"_links":{"self":[{"href":"https:\/\/corrientesdetarde.com\/index.php\/wp-json\/wp\/v2\/posts\/199581","targetHints":{"allow":["GET"]}}],"collection":[{"href":"https:\/\/corrientesdetarde.com\/index.php\/wp-json\/wp\/v2\/posts"}],"about":[{"href":"https:\/\/corrientesdetarde.com\/index.php\/wp-json\/wp\/v2\/types\/post"}],"author":[{"embeddable":true,"href":"https:\/\/corrientesdetarde.com\/index.php\/wp-json\/wp\/v2\/users\/1"}],"replies":[{"embeddable":true,"href":"https:\/\/corrientesdetarde.com\/index.php\/wp-json\/wp\/v2\/comments?post=199581"}],"version-history":[{"count":1,"href":"https:\/\/corrientesdetarde.com\/index.php\/wp-json\/wp\/v2\/posts\/199581\/revisions"}],"predecessor-version":[{"id":199583,"href":"https:\/\/corrientesdetarde.com\/index.php\/wp-json\/wp\/v2\/posts\/199581\/revisions\/199583"}],"wp:featuredmedia":[{"embeddable":true,"href":"https:\/\/corrientesdetarde.com\/index.php\/wp-json\/wp\/v2\/media\/199582"}],"wp:attachment":[{"href":"https:\/\/corrientesdetarde.com\/index.php\/wp-json\/wp\/v2\/media?parent=199581"}],"wp:term":[{"taxonomy":"category","embeddable":true,"href":"https:\/\/corrientesdetarde.com\/index.php\/wp-json\/wp\/v2\/categories?post=199581"},{"taxonomy":"post_tag","embeddable":true,"href":"https:\/\/corrientesdetarde.com\/index.php\/wp-json\/wp\/v2\/tags?post=199581"}],"curies":[{"name":"wp","href":"https:\/\/api.w.org\/{rel}","templated":true}]}}