{"id":199687,"date":"2025-03-31T16:36:05","date_gmt":"2025-03-31T19:36:05","guid":{"rendered":"https:\/\/corrientesdetarde.com\/?p=199687"},"modified":"2025-03-31T16:36:10","modified_gmt":"2025-03-31T19:36:10","slug":"la-pobreza-fue-de-381-en-el-segundo-semestre-de-2024-y-afecto-a-casi-18-millones-de-personas","status":"publish","type":"post","link":"https:\/\/corrientesdetarde.com\/index.php\/economia\/la-pobreza-fue-de-381-en-el-segundo-semestre-de-2024-y-afecto-a-casi-18-millones-de-personas\/","title":{"rendered":"La pobreza fue de 38,1% en el segundo semestre de 2024 y afect\u00f3 a casi 18 millones de personas"},"content":{"rendered":"\n<p>El INDEC report\u00f3 una baja de m\u00e1s de 14 puntos en relaci\u00f3n con los primeros seis meses del a\u00f1o anterior. La indigencia lleg\u00f3 a 8,2% e impact\u00f3 sobre m\u00e1s de 3,8 millones de personas.<\/p>\n\n\n\n<p>La&nbsp;<strong>pobreza<\/strong>&nbsp;lleg\u00f3 al 38,1% en el&nbsp;<strong>segundo semestre&nbsp;<\/strong>de 2024 en la Argentina, seg\u00fan public\u00f3 este lunes el Instituto Nacional de Estad\u00edstica y Censos (INDEC). De esta manera, el nivel de pobreza baj\u00f3 14,8 puntos porcentuales con respecto a los primeros seis meses del mismo a\u00f1o y afect\u00f3 a casi 18 millones de personas. El informe oficial revel\u00f3 que el nivel de indigencia alcanz\u00f3 el 8,2% e impact\u00f3 sobre millones de personas.<\/p>\n\n\n\n<p>A comienzos del gobierno de Javier Milei, la pobreza hab\u00eda sido de 52,9% y hab\u00eda alcanzado a casi 25 millones de ciudadanos en el primer semestre de 2024.<\/p>\n\n\n\n<p>En la Ciudad de Buenos Aires, por su parte, hay 746.000 personas que son pobres. Seg\u00fan inform\u00f3 el Instituto de Estad\u00edstica y Censos porte\u00f1o, en el cuarto trimestre de 2024, la pobreza en CABA alcanz\u00f3 al 24,2% de la poblaci\u00f3n. Mientras que la indigencia abarca al 6,5% de los porte\u00f1os.<\/p>\n\n\n\n<h2 class=\"wp-block-heading\">Qui\u00e9nes son los m\u00e1s afectados por la pobreza en la Argentina<\/h2>\n\n\n\n<p>La informaci\u00f3n difundida por el INDEC muestra que el 51,9% de los ni\u00f1os de hasta 14 a\u00f1os son pobres. El porcentaje total de personas bajo la l\u00ednea de pobreza para los grupos de 15 a 29 a\u00f1os y de 30 a 64 a\u00f1os es de 44,9% y 33,6%, respectivamente. En la poblaci\u00f3n de 65 a\u00f1os y m\u00e1s, el 16%.<\/p>\n\n\n\n<p>Las mayores incidencias de la pobreza en personas se observaron en las regiones Noreste (NEA), 47,0%; y Noroeste (NOA), 42,8%. Las menores, por su parte, se registraron en las regiones Patagonia, 33,5%; y Pampeana, 35,6%.<\/p>\n\n\n\n<h2 class=\"wp-block-heading\">C\u00f3mo se miden la pobreza y la indigencia<\/h2>\n\n\n\n<p>El informe del INDEC releva los datos de pobreza e indigencia en 31 aglomerados urbanos. El INDEC explic\u00f3 que la pobreza se mide por la capacidad de los hogares de acceder a la canasta b\u00e1sica total (CBT) mediante sus ingresos, mientras que la indigencia se calcula por el acceso a la canasta b\u00e1sica alimentaria (CBA).<\/p>\n\n\n\n<p><\/p>\n","protected":false},"excerpt":{"rendered":"<p>El INDEC report\u00f3 una baja de m\u00e1s de 14 puntos en relaci\u00f3n con los primeros seis meses del a\u00f1o anterior. La indigencia lleg\u00f3 a 8,2% e impact\u00f3 sobre m\u00e1s de&hellip; <\/p>\n","protected":false},"author":8,"featured_media":199688,"comment_status":"closed","ping_status":"open","sticky":false,"template":"","format":"standard","meta":{"footnotes":""},"categories":[23,20],"tags":[],"class_list":["post-199687","post","type-post","status-publish","format-standard","has-post-thumbnail","hentry","category-actualidad","category-economia"],"_links":{"self":[{"href":"https:\/\/corrientesdetarde.com\/index.php\/wp-json\/wp\/v2\/posts\/199687","targetHints":{"allow":["GET"]}}],"collection":[{"href":"https:\/\/corrientesdetarde.com\/index.php\/wp-json\/wp\/v2\/posts"}],"about":[{"href":"https:\/\/corrientesdetarde.com\/index.php\/wp-json\/wp\/v2\/types\/post"}],"author":[{"embeddable":true,"href":"https:\/\/corrientesdetarde.com\/index.php\/wp-json\/wp\/v2\/users\/8"}],"replies":[{"embeddable":true,"href":"https:\/\/corrientesdetarde.com\/index.php\/wp-json\/wp\/v2\/comments?post=199687"}],"version-history":[{"count":1,"href":"https:\/\/corrientesdetarde.com\/index.php\/wp-json\/wp\/v2\/posts\/199687\/revisions"}],"predecessor-version":[{"id":199689,"href":"https:\/\/corrientesdetarde.com\/index.php\/wp-json\/wp\/v2\/posts\/199687\/revisions\/199689"}],"wp:featuredmedia":[{"embeddable":true,"href":"https:\/\/corrientesdetarde.com\/index.php\/wp-json\/wp\/v2\/media\/199688"}],"wp:attachment":[{"href":"https:\/\/corrientesdetarde.com\/index.php\/wp-json\/wp\/v2\/media?parent=199687"}],"wp:term":[{"taxonomy":"category","embeddable":true,"href":"https:\/\/corrientesdetarde.com\/index.php\/wp-json\/wp\/v2\/categories?post=199687"},{"taxonomy":"post_tag","embeddable":true,"href":"https:\/\/corrientesdetarde.com\/index.php\/wp-json\/wp\/v2\/tags?post=199687"}],"curies":[{"name":"wp","href":"https:\/\/api.w.org\/{rel}","templated":true}]}}