{"id":199690,"date":"2025-03-31T16:38:13","date_gmt":"2025-03-31T19:38:13","guid":{"rendered":"https:\/\/corrientesdetarde.com\/?p=199690"},"modified":"2025-03-31T16:38:18","modified_gmt":"2025-03-31T19:38:18","slug":"francia-condenaron-a-marine-le-pen-por-malversacion-de-fondos-y-no-podra-postularse-a-las-elecciones-de-2027","status":"publish","type":"post","link":"https:\/\/corrientesdetarde.com\/index.php\/internacionales\/francia-condenaron-a-marine-le-pen-por-malversacion-de-fondos-y-no-podra-postularse-a-las-elecciones-de-2027\/","title":{"rendered":"Francia: condenaron a Marine Le Pen por malversaci\u00f3n de fondos y no podr\u00e1 postularse a las elecciones de 2027"},"content":{"rendered":"\n<p>Adem\u00e1s, fue sentenciada a cuatro a\u00f1os de prisi\u00f3n, aunque no ir\u00e1 a la c\u00e1rcel. Deber\u00e1 usar pulsera electr\u00f3nica en su domicilio durante 24 meses<\/p>\n\n\n\n<p>En un dur\u00edsimo golpe para la extrema derecha francesa, un tribunal conden\u00f3 este lunes por malversaci\u00f3n de fondos a la l\u00edder de la radical Agrupaci\u00f3n Nacional (RN),&nbsp;<strong>Marine Le Pen,<\/strong>&nbsp;y le prohibi\u00f3 postularse para cargos p\u00fablicos durante cinco a\u00f1os.<\/p>\n\n\n\n<p>\u201c<strong>Es una decisi\u00f3n pol\u00edtica. No voy a dejar que me eliminen f\u00e1cilmente<\/strong>. Voy a pedir que la apelaci\u00f3n me permita plantear una candidatura\u201d, afirm\u00f3 Le Pen en una entrevista televisada, en su primera declaraci\u00f3n p\u00fablica tras la sentencia.<\/p>\n\n\n\n<p>Su abogado,&nbsp;<strong>Rodolphe Bosselut<\/strong>, hab\u00eda anunciado poco antes que apelar\u00eda el veredicto, pero la dirigente seguir\u00e1 inhabilitada mientras dure el proceso. De esa manera, quedar\u00eda fuera de la carrera presidencial de 2027.<\/p>\n\n\n\n<p>Le Pen tambi\u00e9n fue sentenciada a&nbsp;<strong>cuatro a\u00f1os de prisi\u00f3n<\/strong>, de los cuales dos se cumplir\u00e1n bajo arresto domiciliario y otros dos estar\u00e1n suspendidos. El fallo del tribunal obstaculiza las aspiraciones pol\u00edticas de una de las principales contendientes para suceder al presidente&nbsp;<strong>Emmanuel Macron<\/strong>&nbsp;al final de su segundo y \u00faltimo mandato.<\/p>\n\n\n\n<h2 class=\"wp-block-heading\">De qu\u00e9 se acus\u00f3 a Marine Le Pen<\/h2>\n\n\n\n<p>El tribunal correccional de Par\u00eds conden\u00f3 e inhabilit\u00f3 a Le Pen, de 56 a\u00f1os, por&nbsp;<strong>malversar fondos p\u00fablicos<\/strong>&nbsp;cuando era eurodiputada.<\/p>\n\n\n\n<p>La justicia le impuso cinco a\u00f1os de inhabilitaci\u00f3n para el derecho de sufragio pasivo, de aplicaci\u00f3n inmediata, y cuatro de prisi\u00f3n, aunque solo la obligaci\u00f3n a cumplir dos a domicilio y con pulsera electr\u00f3nica cuando la sentencia sea firme.<\/p>\n\n\n\n<figure class=\"wp-block-image\"><img decoding=\"async\" src=\"https:\/\/tn.com.ar\/resizer\/v2\/la-lider-de-la-agrupacion-nacional-marine-le-pen-foto-reutersabdul-saboor-OE32ZEKZAOOBNMVVSJLKDMRH34.jpg?auth=9b6b9f09642aa6398aa9171f2351d15412492d88b813999311dc3a85c4f5012a&amp;width=767\" alt=\"La l\u00edder de la Agrupaci\u00f3n Nacional, Marine Le Pen (Foto:  REUTERS\/Abdul Saboor)\"\/><\/figure>\n\n\n\n<p>\u201cAdem\u00e1s del riesgo de reincidencia, el tribunal tuvo en cuenta la importante amenaza para el orden p\u00fablico, en este caso que una persona condenada en primera instancia sea candidata a la elecci\u00f3n presidencial\u201d, justific\u00f3 la presidenta del tribunal,&nbsp;<strong>B\u00e9n\u00e9dicte de Perthuis<\/strong>.<\/p>\n\n\n\n<p>Tras conversar brevemente con su abogado, el l\u00edder parlamentario de la Agrupaci\u00f3n Nacional (RN) abandon\u00f3 el tribunal sin esperar las penas.<\/p>\n\n\n\n<p>La justicia proces\u00f3 entre septiembre y noviembre a Marine Le Pen, a su partido ya otras 24 personas por pagar con el dinero del Parlamento Europeo a los empleados de su formaci\u00f3n entre 2004 y 2016.&nbsp;<strong>Todos fueron condenados<\/strong>.<\/p>\n\n\n\n<p>Seg\u00fan la investigaci\u00f3n, el partido se puso en marcha de \u201cforma concertada y deliberada\u201d un \u201csistema de malversaci\u00f3n\u201d de los 21.000 euros (22.700 d\u00f3lares) al mes con los que cuenta cada eurodiputado para pagar a sus asistentes parlamentarios.<\/p>\n\n\n\n<p>Pero el tribunal consider\u00f3 que \u201cen realidad\u201d trabajaban para el partido Frente Nacional (FN), rebautizado RN en 2018, que se habr\u00eda ahorrado importantes sumas de dinero con esta pr\u00e1ctica prohibida por la legislaci\u00f3n europea.<\/p>\n\n\n\n<h2 class=\"wp-block-heading\">\u00bfQu\u00e9 puede pasar ahora con Marine Le Pen?<\/h2>\n\n\n\n<p>Dar marcha atr\u00e1s a la inhabilitaci\u00f3n inmediata parece complicado. El abogado de Le Pen,&nbsp;<strong>Rodolphe Bosselut<\/strong>, anunci\u00f3 que recurrir\u00e1n la sentencia, pero el fallo en apelaci\u00f3n podr\u00eda llegar unos pocos meses antes de la elecci\u00f3n presidencial. Un recurso en casaci\u00f3n alargar\u00eda a\u00fan m\u00e1s la resoluci\u00f3n final.<\/p>\n\n\n\n<p>Le Pen siempre defendi\u00f3 su inocencia. En noviembre, cuando conoci\u00f3 el pedido de penas de la fiscal\u00eda, denunci\u00f3 que se buscaba su \u201cmuerte pol\u00edtica\u201d.<\/p>\n\n\n\n<p>La dirigente podr\u00e1 mantener su esca\u00f1o de diputada en la Asamblea Nacional (c\u00e1mara baja) francesa, pero se arriesga a perderlo si Macron convoca a elecciones legislativas anticipadas, como en 2024, ante la ausencia de una mayor\u00eda parlamentaria.<\/p>\n\n\n\n<p>La ejecuci\u00f3n inmediata de la inhabilitaci\u00f3n frustra la ambici\u00f3n presidencial de la finalista en 2017 y 2022. Seg\u00fan una encuesta de&nbsp;<em>Ifop<\/em>&nbsp;publicada el domingo, obtendr\u00eda entre el 34% y 37% de votos en primera vuelta.<\/p>\n\n\n\n<p>Su partido se impuso en las elecciones europeas de junio de 2024 en Francia con m\u00e1s del 30% de votos y, tras las legislativas francesas de ese a\u00f1o, es el primer grupo opositor.<\/p>\n\n\n\n<p>\u201cHoy no es s\u00f3lo Marine Le Pen la que ha sido injustamente condenada. Es la democracia francesa la que ha sido ejecutada\u201d, expres\u00f3 este lunes el presidente de RN,&nbsp;<strong>Jordan Bardella<\/strong>, quien a sus 29 a\u00f1os se erige ahora como la alternativa presidenciable. Tambi\u00e9n llam\u00f3 a una \u201cmovilizaci\u00f3n popular y pac\u00edfica\u201d y lanz\u00f3 una petici\u00f3n en la p\u00e1gina web del partido.<\/p>\n","protected":false},"excerpt":{"rendered":"<p>Adem\u00e1s, fue sentenciada a cuatro a\u00f1os de prisi\u00f3n, aunque no ir\u00e1 a la c\u00e1rcel. Deber\u00e1 usar pulsera electr\u00f3nica en su domicilio durante 24 meses En un dur\u00edsimo golpe para la&hellip; <\/p>\n","protected":false},"author":8,"featured_media":199691,"comment_status":"closed","ping_status":"open","sticky":false,"template":"","format":"standard","meta":{"footnotes":""},"categories":[11],"tags":[],"class_list":["post-199690","post","type-post","status-publish","format-standard","has-post-thumbnail","hentry","category-internacionales"],"_links":{"self":[{"href":"https:\/\/corrientesdetarde.com\/index.php\/wp-json\/wp\/v2\/posts\/199690","targetHints":{"allow":["GET"]}}],"collection":[{"href":"https:\/\/corrientesdetarde.com\/index.php\/wp-json\/wp\/v2\/posts"}],"about":[{"href":"https:\/\/corrientesdetarde.com\/index.php\/wp-json\/wp\/v2\/types\/post"}],"author":[{"embeddable":true,"href":"https:\/\/corrientesdetarde.com\/index.php\/wp-json\/wp\/v2\/users\/8"}],"replies":[{"embeddable":true,"href":"https:\/\/corrientesdetarde.com\/index.php\/wp-json\/wp\/v2\/comments?post=199690"}],"version-history":[{"count":1,"href":"https:\/\/corrientesdetarde.com\/index.php\/wp-json\/wp\/v2\/posts\/199690\/revisions"}],"predecessor-version":[{"id":199692,"href":"https:\/\/corrientesdetarde.com\/index.php\/wp-json\/wp\/v2\/posts\/199690\/revisions\/199692"}],"wp:featuredmedia":[{"embeddable":true,"href":"https:\/\/corrientesdetarde.com\/index.php\/wp-json\/wp\/v2\/media\/199691"}],"wp:attachment":[{"href":"https:\/\/corrientesdetarde.com\/index.php\/wp-json\/wp\/v2\/media?parent=199690"}],"wp:term":[{"taxonomy":"category","embeddable":true,"href":"https:\/\/corrientesdetarde.com\/index.php\/wp-json\/wp\/v2\/categories?post=199690"},{"taxonomy":"post_tag","embeddable":true,"href":"https:\/\/corrientesdetarde.com\/index.php\/wp-json\/wp\/v2\/tags?post=199690"}],"curies":[{"name":"wp","href":"https:\/\/api.w.org\/{rel}","templated":true}]}}