{"id":199693,"date":"2025-03-31T16:40:05","date_gmt":"2025-03-31T19:40:05","guid":{"rendered":"https:\/\/corrientesdetarde.com\/?p=199693"},"modified":"2025-03-31T16:40:10","modified_gmt":"2025-03-31T19:40:10","slug":"el-kirchnerismo-le-contesto-a-kicillof-y-profundizo-la-interna-por-las-elecciones-haganos-el-favor-de-no-mentirle-a-los-bonaerenses","status":"publish","type":"post","link":"https:\/\/corrientesdetarde.com\/index.php\/politica\/el-kirchnerismo-le-contesto-a-kicillof-y-profundizo-la-interna-por-las-elecciones-haganos-el-favor-de-no-mentirle-a-los-bonaerenses\/","title":{"rendered":"El kirchnerismo le contest\u00f3 a Kicillof y profundiz\u00f3 la interna por las elecciones: &#8220;H\u00e1ganos el favor de no mentirle a los bonaerenses&#8221;"},"content":{"rendered":"\n<p>La senadora bonaerense de Uni\u00f3n por la Patria,&nbsp;<strong>Mar\u00eda Teresa Garc\u00eda,&nbsp;<\/strong>cercana<strong>&nbsp;<\/strong>a la expresidenta,&nbsp;<strong>Cristina Kirchner,<\/strong>&nbsp;sali\u00f3 al cruce del gobierno de Axel Kicillof, tras las cr\u00edticas del ministro de Gobierno provincial, Carlos Bianco, al proyecto K que busca que las elecciones bonaerenses sean concurrentes, lo que calific\u00f3 de &#8220;inconstitucional&#8221;, en medio de la fuerte interna por el calendario electoral.<\/p>\n\n\n\n<p>Garc\u00eda plante\u00f3: &#8220;El Ministro dice que la presentaci\u00f3n del proyecto de elecciones concurrentes se hizo de manera inconsulta e intempestiva. Sr. Ministro, h\u00e1ganos el favor de no mentirle a los y las bonaerenses, es de p\u00fablico conocimiento la discusi\u00f3n que se viene teniendo desde la sanci\u00f3n de la boleta \u00fanica en el congreso nacional. El proyecto no hace m\u00e1s que formalizar una posici\u00f3n pol\u00edtica, que viene sosteniendo Cristina Fern\u00e1ndez de Kirchner y la amplia mayor\u00eda de los que formamos parte de este espacio. Otros diputados, cercanos a la postura del gobernador presentaron su proyecto, tambi\u00e9n formalizando su posici\u00f3n y nadie interpret\u00f3 ello como la ruptura del di\u00e1logo&#8221;.<\/p>\n\n\n\n<p>La senadora provincial dijo: &#8220;Si (Bianco) hubiera le\u00eddo los fundamentos del proyecto comprender\u00eda que no es objetivo del mismo meterse en facultades del Gobernador, sino tomar la iniciativa desde el Poder Legislativo para reunir los consenso necesarios entre todos los partidos pol\u00edticos con el \u00fanico fin de resolver entre todos el gran problema electoral en el que nos sumergi\u00f3 el presidente de la naci\u00f3n cambiando el sistema electoral, como dice el gobernador, de manera inconsulta y afectando gravemente el desarrollo de la elecci\u00f3n en el distrito que representa el 40% del pa\u00eds&#8221;.&nbsp;<\/p>\n","protected":false},"excerpt":{"rendered":"<p>La senadora bonaerense de Uni\u00f3n por la Patria,&nbsp;Mar\u00eda Teresa Garc\u00eda,&nbsp;cercana&nbsp;a la expresidenta,&nbsp;Cristina Kirchner,&nbsp;sali\u00f3 al cruce del gobierno de Axel Kicillof, tras las cr\u00edticas del ministro de Gobierno provincial, Carlos Bianco,&hellip; <\/p>\n","protected":false},"author":8,"featured_media":199694,"comment_status":"closed","ping_status":"open","sticky":false,"template":"","format":"standard","meta":{"footnotes":""},"categories":[3],"tags":[],"class_list":["post-199693","post","type-post","status-publish","format-standard","has-post-thumbnail","hentry","category-politica"],"_links":{"self":[{"href":"https:\/\/corrientesdetarde.com\/index.php\/wp-json\/wp\/v2\/posts\/199693","targetHints":{"allow":["GET"]}}],"collection":[{"href":"https:\/\/corrientesdetarde.com\/index.php\/wp-json\/wp\/v2\/posts"}],"about":[{"href":"https:\/\/corrientesdetarde.com\/index.php\/wp-json\/wp\/v2\/types\/post"}],"author":[{"embeddable":true,"href":"https:\/\/corrientesdetarde.com\/index.php\/wp-json\/wp\/v2\/users\/8"}],"replies":[{"embeddable":true,"href":"https:\/\/corrientesdetarde.com\/index.php\/wp-json\/wp\/v2\/comments?post=199693"}],"version-history":[{"count":1,"href":"https:\/\/corrientesdetarde.com\/index.php\/wp-json\/wp\/v2\/posts\/199693\/revisions"}],"predecessor-version":[{"id":199695,"href":"https:\/\/corrientesdetarde.com\/index.php\/wp-json\/wp\/v2\/posts\/199693\/revisions\/199695"}],"wp:featuredmedia":[{"embeddable":true,"href":"https:\/\/corrientesdetarde.com\/index.php\/wp-json\/wp\/v2\/media\/199694"}],"wp:attachment":[{"href":"https:\/\/corrientesdetarde.com\/index.php\/wp-json\/wp\/v2\/media?parent=199693"}],"wp:term":[{"taxonomy":"category","embeddable":true,"href":"https:\/\/corrientesdetarde.com\/index.php\/wp-json\/wp\/v2\/categories?post=199693"},{"taxonomy":"post_tag","embeddable":true,"href":"https:\/\/corrientesdetarde.com\/index.php\/wp-json\/wp\/v2\/tags?post=199693"}],"curies":[{"name":"wp","href":"https:\/\/api.w.org\/{rel}","templated":true}]}}