{"id":199696,"date":"2025-03-31T16:56:57","date_gmt":"2025-03-31T19:56:57","guid":{"rendered":"https:\/\/corrientesdetarde.com\/?p=199696"},"modified":"2025-03-31T16:57:00","modified_gmt":"2025-03-31T19:57:00","slug":"el-gobierno-atribuyo-la-baja-de-la-pobreza-a-la-caida-de-la-inflacion-y-critico-la-gestion-anterior","status":"publish","type":"post","link":"https:\/\/corrientesdetarde.com\/index.php\/politica\/el-gobierno-atribuyo-la-baja-de-la-pobreza-a-la-caida-de-la-inflacion-y-critico-la-gestion-anterior\/","title":{"rendered":"El Gobierno atribuy\u00f3 la baja de la pobreza a la ca\u00edda de la inflaci\u00f3n y critic\u00f3 la gesti\u00f3n anterior"},"content":{"rendered":"\n<p>El \u00edndice difundido por el Indec fue de 38,1%. El Ejecutivo destac\u00f3 \u201cla estabilidad macroecon\u00f3mica y la eliminaci\u00f3n de restricciones que durante a\u00f1os limitaron el potencial econ\u00f3mico de los argentinos\u201d.<\/p>\n\n\n\n<p>Apenas minutos despu\u00e9s de que el Indec difundiera el dato de<strong>\u00a0pobreza de 38,1%,<\/strong>\u00a0el Gobierno celebr\u00f3 la baja del n\u00famero a comparaci\u00f3n con el semestre anterior. Lo hizo a trav\u00e9s de un comunicado oficial en donde tambi\u00e9n critic\u00f3 la gesti\u00f3n de Alberto Fern\u00e1ndez.<\/p>\n\n\n\n<p>\u201cLa pobreza sin precedentes que hab\u00eda dejado el gobierno de Alberto Fern\u00e1ndez, Cristina Kirchner y Sergio Massa, que lleg\u00f3 a un pico del 52,9% en la medici\u00f3n del primer semestre de 2024,<strong>&nbsp;se redujo al 38,1% en el segundo semestre,&nbsp;<\/strong>mientras que la indigencia disminuy\u00f3 del 18,1% al 8,2%, como efecto directo de la lucha contra la inflaci\u00f3n que ha llevado adelante el Presidente Javier Milei, adem\u00e1s de la estabilidad macroecon\u00f3mica y la eliminaci\u00f3n de restricciones que durante a\u00f1os limitaron el potencial econ\u00f3mico de los argentinos\u201d.<\/p>\n\n\n\n<p>Adem\u00e1s, el texto difundido por la Oficina del Presidente destac\u00f3 que \u201cel \u00edndice de pobreza e indigencia en la Argentina ha registrado una fuerte ca\u00edda durante el per\u00edodo de julio a diciembre del 2024, gracias a las<strong>&nbsp;profundas reformas econ\u00f3micas impulsadas por el Presidente Javier Milei<\/strong>\u201d.<\/p>\n\n\n\n<p>De acuerdo con los datos del Indec, en el segundo semestre de 2024 la&nbsp;<strong>pobreza&nbsp;<\/strong>report\u00f3 un<strong>a baja de m\u00e1s de 14 puntos&nbsp;<\/strong>en relaci\u00f3n con los primeros seis meses del a\u00f1o anterior; se ubic\u00f3 en 38,1 y&nbsp;<strong>afect\u00f3 a casi 18 millones de personas<\/strong>. En tanto que la&nbsp;<strong>indigencia&nbsp;<\/strong>lleg\u00f3 a 8,2% e&nbsp;<strong>impact\u00f3 sobre m\u00e1s de 3,8 millones de personas<\/strong>.<\/p>\n\n\n\n<h2 class=\"wp-block-heading\">El Gobierno critic\u00f3 la gesti\u00f3n de Alberto Fern\u00e1ndez<\/h2>\n\n\n\n<p>Tras destacar la baja pronunciada de la pobreza en el segundo semestre del a\u00f1o pasado, el Gobierno redobl\u00f3 las cr\u00edticas contra la gesti\u00f3n de Alberto Fern\u00e1ndez, al se\u00f1alar que el \u00edndice del primer semestre refleja \u201c<strong>el fracaso de las pol\u00edticas del pasado,<\/strong>&nbsp;que sumieron a millones de argentinos en la precariedad mientras vend\u00edan que estaban ayudando a los pobres, pero la pobreza no paraba de aumentar\u201d.<\/p>\n\n\n\n<p>Y agreg\u00f3 que \u201cla gesti\u00f3n actual demuestra que<strong>&nbsp;el camino de la libertad econ\u00f3mica y la responsabilidad fiscal es la v\u00eda para reducir la pobreza<\/strong>&nbsp;a largo plazo\u201d.<\/p>\n\n\n\n<p>\u201cEl Presidente&nbsp;<strong>Javier Milei y&nbsp;<\/strong>su equipo econ\u00f3mico liderado por el Ministro&nbsp;<strong>Luis Caputo<\/strong>&nbsp;<strong>profundizar\u00e1n en este camino<\/strong>&nbsp;que ha demostrado devolverle al pueblo argentino la dignidad que le fue negada durante d\u00e9cadas, y que pone la lucha contra la pobreza como uno de sus ejes m\u00e1s importantes. Este es el primer Gobierno en muchos a\u00f1os que comienza un proceso real de baja de la pobreza\u201d, afirm\u00f3.<\/p>\n","protected":false},"excerpt":{"rendered":"<p>El \u00edndice difundido por el Indec fue de 38,1%. El Ejecutivo destac\u00f3 \u201cla estabilidad macroecon\u00f3mica y la eliminaci\u00f3n de restricciones que durante a\u00f1os limitaron el potencial econ\u00f3mico de los argentinos\u201d.&hellip; <\/p>\n","protected":false},"author":8,"featured_media":199697,"comment_status":"closed","ping_status":"open","sticky":false,"template":"","format":"standard","meta":{"footnotes":""},"categories":[3],"tags":[],"class_list":["post-199696","post","type-post","status-publish","format-standard","has-post-thumbnail","hentry","category-politica"],"_links":{"self":[{"href":"https:\/\/corrientesdetarde.com\/index.php\/wp-json\/wp\/v2\/posts\/199696","targetHints":{"allow":["GET"]}}],"collection":[{"href":"https:\/\/corrientesdetarde.com\/index.php\/wp-json\/wp\/v2\/posts"}],"about":[{"href":"https:\/\/corrientesdetarde.com\/index.php\/wp-json\/wp\/v2\/types\/post"}],"author":[{"embeddable":true,"href":"https:\/\/corrientesdetarde.com\/index.php\/wp-json\/wp\/v2\/users\/8"}],"replies":[{"embeddable":true,"href":"https:\/\/corrientesdetarde.com\/index.php\/wp-json\/wp\/v2\/comments?post=199696"}],"version-history":[{"count":1,"href":"https:\/\/corrientesdetarde.com\/index.php\/wp-json\/wp\/v2\/posts\/199696\/revisions"}],"predecessor-version":[{"id":199698,"href":"https:\/\/corrientesdetarde.com\/index.php\/wp-json\/wp\/v2\/posts\/199696\/revisions\/199698"}],"wp:featuredmedia":[{"embeddable":true,"href":"https:\/\/corrientesdetarde.com\/index.php\/wp-json\/wp\/v2\/media\/199697"}],"wp:attachment":[{"href":"https:\/\/corrientesdetarde.com\/index.php\/wp-json\/wp\/v2\/media?parent=199696"}],"wp:term":[{"taxonomy":"category","embeddable":true,"href":"https:\/\/corrientesdetarde.com\/index.php\/wp-json\/wp\/v2\/categories?post=199696"},{"taxonomy":"post_tag","embeddable":true,"href":"https:\/\/corrientesdetarde.com\/index.php\/wp-json\/wp\/v2\/tags?post=199696"}],"curies":[{"name":"wp","href":"https:\/\/api.w.org\/{rel}","templated":true}]}}