{"id":199702,"date":"2025-03-31T17:02:15","date_gmt":"2025-03-31T20:02:15","guid":{"rendered":"https:\/\/corrientesdetarde.com\/?p=199702"},"modified":"2025-03-31T17:02:19","modified_gmt":"2025-03-31T20:02:19","slug":"river-se-prepara-para-el-debut-en-la-copa-libertadores-marcelo-gallardo-mantiene-varias-dudas-en-la-formacion","status":"publish","type":"post","link":"https:\/\/corrientesdetarde.com\/index.php\/deportes\/river-se-prepara-para-el-debut-en-la-copa-libertadores-marcelo-gallardo-mantiene-varias-dudas-en-la-formacion\/","title":{"rendered":"River se prepara para el debut en la Copa Libertadores: Marcelo Gallardo mantiene varias dudas en la formaci\u00f3n"},"content":{"rendered":"\n<p>El Millonario comenzar\u00e1 el mi\u00e9rcoles su camino en el torneo continental. Buscar\u00e1 encontrar un desempe\u00f1o m\u00e1s regular y lograr su mejor versi\u00f3n en cuanto al juego.<\/p>\n\n\n\n<p>Tras el empate 2-2 ante Rosario Central que dej\u00f3 un sabor amargo,<strong>\u00a0River\u00a0<\/strong>se prepara para el esperado debut en la\u00a0<strong>Copa Libertadores 2025<\/strong>. El plantel viajar\u00e1 el martes por la tarde a Lima, ciudad en la que el mi\u00e9rcoles desde las 21.30 se medir\u00e1 ante\u00a0<strong>Universitario de Per\u00fa\u00a0<\/strong>por la primera fecha del Grupo B.<\/p>\n\n\n\n<p>El encuentro por el torneo continental puede ser una buena oportunidad para que el Millonario mejore su desempe\u00f1o y despegue definitivamente. El entrenador<strong>&nbsp;Marcelo Gallardo<\/strong>&nbsp;buscar\u00e1 poner lo mejor que tiene a su disposici\u00f3n, aunque<strong>&nbsp;podr\u00eda perder a Giuliano Galoppo<\/strong>. El mediocampista volvi\u00f3 a jugar el s\u00e1bado ante el Canalla despu\u00e9s de una inactividad de algunas semanas por una lesi\u00f3n muscular y termin\u00f3 el partido con una molestia en la misma zona.<\/p>\n\n\n\n<p>Todo indica que el Mu\u00f1eco terminar\u00e1 de definir el equipo titular casi sobre la hora. En la defensa, es segura la&nbsp;<strong>vuelta de Paulo D\u00edaz<\/strong>, por lo que Germ\u00e1n Pezzella o Lucas Mart\u00ednez Quarta esperar\u00e1n en el banco de suplentes.<\/p>\n\n\n\n<figure class=\"wp-block-image\"><img decoding=\"async\" src=\"https:\/\/tn.com.ar\/resizer\/v2\/river-viene-de-empatar-2-2-con-rosario-central-por-el-torneo-apertura-foto-fotobaires-KJ6NK2JV5JG5DJDNR7GG2NGSHI.jpg?auth=c0d033b2c7207a1bc2c3da6b9b7d4fedd50b6ccb78f8178a35a482cd2a1e92dd&amp;width=767\" alt=\"River viene de empatar 2-2 con Rosario Central por el Torneo Apertura. (Foto: Fotobaires)\"\/><\/figure>\n\n\n\n<p>El colombiano Kevin Casta\u00f1o podr\u00eda tener su primera oportunidad como titular en el mediocampo, aunque el DT tambi\u00e9n podr\u00eda inclinarse por Rodrigo Aliendro para acompa\u00f1ar a Enzo P\u00e9rez en el mediocampo.<\/p>\n\n\n\n<p>En tanto que, ante la baja de Galoppo, Gallardo analiza diversas opciones: el juvenil Ian Subiabre, autor de un gol ante Rosario Central, podr\u00eda estar de arranque. La otra alternativa es que Sebasti\u00e1n Driussi acompa\u00f1e a Miguel Borja en el ataque. Aunque Facundo Colidio podr\u00eda tener el alta despu\u00e9s de haber sufrido un desgarro en su aductor derecho, su lugar estar\u00eda en el banco de suplentes.<\/p>\n\n\n\n<h2 class=\"wp-block-heading\">La probable formaci\u00f3n de River vs Universitario de Per\u00fa<\/h2>\n\n\n\n<p>Franco Armani; Fabricio Bustos, Germ\u00e1n Pezzella o Lucas Mart\u00ednez Quarta, Paulo D\u00edaz, Marcos Acu\u00f1a; Enzo P\u00e9rez, Kevin Casta\u00f1o o Rodrigo Aliendro, Maxi Meza, Franco Mastantuono; Sebasti\u00e1n Driussi o Ian Subiabre y Miguel Borja.<\/p>\n\n\n\n<h2 class=\"wp-block-heading\">La agenda de River en la Copa Libertadores 2025<\/h2>\n\n\n\n<ul class=\"wp-block-list\">\n<li>Mi\u00e9rcoles 2\/4, a las 21: vs Universitario de Per\u00fa (V)<\/li>\n\n\n\n<li>Martes 8\/4, a las 21.30: vs Barcelona de Ecuador (L)<\/li>\n\n\n\n<li>Mi\u00e9rcoles 23\/4, a las 21.30: vs Independiente del Valle (V)<\/li>\n\n\n\n<li>Jueves 8\/5, a las 21.30: vs Barcelona de Ecuador (V)<\/li>\n\n\n\n<li>Jueves 15\/5, a las 21.30: vs Independiente del Valle (L)<\/li>\n\n\n\n<li>Martes 27 de mayo, a las 21.30: vs Universitario de Per\u00fa (L)<\/li>\n<\/ul>\n","protected":false},"excerpt":{"rendered":"<p>El Millonario comenzar\u00e1 el mi\u00e9rcoles su camino en el torneo continental. Buscar\u00e1 encontrar un desempe\u00f1o m\u00e1s regular y lograr su mejor versi\u00f3n en cuanto al juego. Tras el empate 2-2&hellip; <\/p>\n","protected":false},"author":8,"featured_media":199703,"comment_status":"closed","ping_status":"open","sticky":false,"template":"","format":"standard","meta":{"footnotes":""},"categories":[4],"tags":[],"class_list":["post-199702","post","type-post","status-publish","format-standard","has-post-thumbnail","hentry","category-deportes"],"_links":{"self":[{"href":"https:\/\/corrientesdetarde.com\/index.php\/wp-json\/wp\/v2\/posts\/199702","targetHints":{"allow":["GET"]}}],"collection":[{"href":"https:\/\/corrientesdetarde.com\/index.php\/wp-json\/wp\/v2\/posts"}],"about":[{"href":"https:\/\/corrientesdetarde.com\/index.php\/wp-json\/wp\/v2\/types\/post"}],"author":[{"embeddable":true,"href":"https:\/\/corrientesdetarde.com\/index.php\/wp-json\/wp\/v2\/users\/8"}],"replies":[{"embeddable":true,"href":"https:\/\/corrientesdetarde.com\/index.php\/wp-json\/wp\/v2\/comments?post=199702"}],"version-history":[{"count":1,"href":"https:\/\/corrientesdetarde.com\/index.php\/wp-json\/wp\/v2\/posts\/199702\/revisions"}],"predecessor-version":[{"id":199704,"href":"https:\/\/corrientesdetarde.com\/index.php\/wp-json\/wp\/v2\/posts\/199702\/revisions\/199704"}],"wp:featuredmedia":[{"embeddable":true,"href":"https:\/\/corrientesdetarde.com\/index.php\/wp-json\/wp\/v2\/media\/199703"}],"wp:attachment":[{"href":"https:\/\/corrientesdetarde.com\/index.php\/wp-json\/wp\/v2\/media?parent=199702"}],"wp:term":[{"taxonomy":"category","embeddable":true,"href":"https:\/\/corrientesdetarde.com\/index.php\/wp-json\/wp\/v2\/categories?post=199702"},{"taxonomy":"post_tag","embeddable":true,"href":"https:\/\/corrientesdetarde.com\/index.php\/wp-json\/wp\/v2\/tags?post=199702"}],"curies":[{"name":"wp","href":"https:\/\/api.w.org\/{rel}","templated":true}]}}