{"id":199715,"date":"2025-03-31T22:32:58","date_gmt":"2025-04-01T01:32:58","guid":{"rendered":"https:\/\/corrientesdetarde.com\/?p=199715"},"modified":"2025-03-31T22:33:02","modified_gmt":"2025-04-01T01:33:02","slug":"israel-arrestaron-a-colaboradores-de-netanyahu","status":"publish","type":"post","link":"https:\/\/corrientesdetarde.com\/index.php\/internacionales\/israel-arrestaron-a-colaboradores-de-netanyahu\/","title":{"rendered":"Israel: arrestaron a colaboradores de Netanyahu"},"content":{"rendered":"\n<h2 class=\"wp-block-heading\">Es parte de la investigaci\u00f3n del &#8220;Qatargate&#8221;.<\/h2>\n\n\n\n<p>La Polic\u00eda de Israel arrest\u00f3 a dos sospechosos en una investigaci\u00f3n conocida como&nbsp;<strong>&#8220;Qatargate&#8221;,&nbsp;<\/strong>donde se examinan v\u00ednculos de negocios entre colaboradores del primer ministro de Israel, Benjamin Netanyahu, y el Gobierno catar\u00ed, inform\u00f3 la emisora \u200b\u200bestatal Kan TV News.<\/p>\n\n\n\n<p>Los individuos detenidos fueron identificados como Yonatan Urich, alto asesor de&nbsp;<strong>Netanyahu<\/strong>, y Eli Feldstein, exportavoz del primer ministro para asuntos militares, seg\u00fan las informaciones.<\/p>\n\n\n\n<p>De forma separada, Channel 12 News agreg\u00f3 que la Fiscal General, Gali Baharav-Miara, hab\u00eda ordenado a la Polic\u00eda a citar a&nbsp;<strong>Netanyahu&nbsp;<\/strong>para tomarle declaraci\u00f3n por este caso.<\/p>\n\n\n\n<p><strong>La emisora \u200b\u200bprecis\u00f3 que Urich y Feldstein estaban siendo investigados por contactar presuntamente con un agente extranjero,&nbsp;<\/strong>soborno, fraude, incumplimiento del deber fiduciario y lavado de dinero.<\/p>\n\n\n\n<p>La&nbsp;<strong>investigaci\u00f3n&nbsp;<\/strong>se centra en supuestos negocios inapropiados entre los colaboradores estrechos de Netanyahu y Catar, un Estado del Golfo que no mantiene relaciones diplom\u00e1ticas formales con Israel, si bien desempe\u00f1\u00f3 un papel clave en la mediaci\u00f3n para las&nbsp;negociaciones de alto el fuego y la liberaci\u00f3n de secuestrados en&nbsp;la Franja de Gaza.<\/p>\n\n\n\n<p><strong>Netanyahu&nbsp;<\/strong>y su partido pol\u00edtico, el Likud, rechazaron la investigaci\u00f3n que califican como un &#8220;falso esc\u00e1ndalo&#8221; pol\u00edticamente motivado.&nbsp;&nbsp;<\/p>\n","protected":false},"excerpt":{"rendered":"<p>Es parte de la investigaci\u00f3n del &#8220;Qatargate&#8221;. La Polic\u00eda de Israel arrest\u00f3 a dos sospechosos en una investigaci\u00f3n conocida como&nbsp;&#8220;Qatargate&#8221;,&nbsp;donde se examinan v\u00ednculos de negocios entre colaboradores del primer ministro&hellip; <\/p>\n","protected":false},"author":4,"featured_media":199763,"comment_status":"closed","ping_status":"open","sticky":false,"template":"","format":"standard","meta":{"footnotes":""},"categories":[11],"tags":[],"class_list":["post-199715","post","type-post","status-publish","format-standard","has-post-thumbnail","hentry","category-internacionales"],"_links":{"self":[{"href":"https:\/\/corrientesdetarde.com\/index.php\/wp-json\/wp\/v2\/posts\/199715","targetHints":{"allow":["GET"]}}],"collection":[{"href":"https:\/\/corrientesdetarde.com\/index.php\/wp-json\/wp\/v2\/posts"}],"about":[{"href":"https:\/\/corrientesdetarde.com\/index.php\/wp-json\/wp\/v2\/types\/post"}],"author":[{"embeddable":true,"href":"https:\/\/corrientesdetarde.com\/index.php\/wp-json\/wp\/v2\/users\/4"}],"replies":[{"embeddable":true,"href":"https:\/\/corrientesdetarde.com\/index.php\/wp-json\/wp\/v2\/comments?post=199715"}],"version-history":[{"count":1,"href":"https:\/\/corrientesdetarde.com\/index.php\/wp-json\/wp\/v2\/posts\/199715\/revisions"}],"predecessor-version":[{"id":199764,"href":"https:\/\/corrientesdetarde.com\/index.php\/wp-json\/wp\/v2\/posts\/199715\/revisions\/199764"}],"wp:featuredmedia":[{"embeddable":true,"href":"https:\/\/corrientesdetarde.com\/index.php\/wp-json\/wp\/v2\/media\/199763"}],"wp:attachment":[{"href":"https:\/\/corrientesdetarde.com\/index.php\/wp-json\/wp\/v2\/media?parent=199715"}],"wp:term":[{"taxonomy":"category","embeddable":true,"href":"https:\/\/corrientesdetarde.com\/index.php\/wp-json\/wp\/v2\/categories?post=199715"},{"taxonomy":"post_tag","embeddable":true,"href":"https:\/\/corrientesdetarde.com\/index.php\/wp-json\/wp\/v2\/tags?post=199715"}],"curies":[{"name":"wp","href":"https:\/\/api.w.org\/{rel}","templated":true}]}}