{"id":199718,"date":"2025-03-31T20:55:49","date_gmt":"2025-03-31T23:55:49","guid":{"rendered":"https:\/\/corrientesdetarde.com\/?p=199718"},"modified":"2025-03-31T20:55:53","modified_gmt":"2025-03-31T23:55:53","slug":"valdes-recibio-a-la-cooperativa-ticcim-de-mocoreta-para-charlar-sobre-un-nuevo-plan-de-inversion","status":"publish","type":"post","link":"https:\/\/corrientesdetarde.com\/index.php\/politica\/valdes-recibio-a-la-cooperativa-ticcim-de-mocoreta-para-charlar-sobre-un-nuevo-plan-de-inversion\/","title":{"rendered":"Vald\u00e9s recibi\u00f3 a la Cooperativa TICCIM de Mocoret\u00e1 para charlar sobre un nuevo plan de inversi\u00f3n"},"content":{"rendered":"\n<p>El gobernador Gustavo Vald\u00e9s este lunes por la tarde, expres\u00f3 en sus redes sociales: \u201cRecib\u00ed a miembros de la cooperativa TICCIM de Mocoret\u00e1, ejemplo del potencial productivo del sur de Corrientes . Hablamos de un nuevo plan de inversi\u00f3n para fortalecer la citricultura, generar m\u00e1s trabajo y potenciar la industrializaci\u00f3n, el desarrollo y la econom\u00eda local\u201d.<\/p>\n\n\n\n<figure class=\"wp-block-image size-large\"><img loading=\"lazy\" decoding=\"async\" width=\"1024\" height=\"681\" src=\"https:\/\/corrientesdetarde.com\/wp-content\/uploads\/2025\/03\/image-1284-1024x681.png\" alt=\"\" class=\"wp-image-199740\" srcset=\"https:\/\/corrientesdetarde.com\/wp-content\/uploads\/2025\/03\/image-1284-1024x681.png 1024w, https:\/\/corrientesdetarde.com\/wp-content\/uploads\/2025\/03\/image-1284-300x200.png 300w, https:\/\/corrientesdetarde.com\/wp-content\/uploads\/2025\/03\/image-1284-768x511.png 768w, https:\/\/corrientesdetarde.com\/wp-content\/uploads\/2025\/03\/image-1284.png 1362w\" sizes=\"auto, (max-width: 1024px) 100vw, 1024px\" \/><\/figure>\n","protected":false},"excerpt":{"rendered":"<p>El gobernador Gustavo Vald\u00e9s este lunes por la tarde, expres\u00f3 en sus redes sociales: \u201cRecib\u00ed a miembros de la cooperativa TICCIM de Mocoret\u00e1, ejemplo del potencial productivo del sur de&hellip; <\/p>\n","protected":false},"author":4,"featured_media":199741,"comment_status":"closed","ping_status":"open","sticky":false,"template":"","format":"standard","meta":{"footnotes":""},"categories":[3],"tags":[],"class_list":["post-199718","post","type-post","status-publish","format-standard","has-post-thumbnail","hentry","category-politica"],"_links":{"self":[{"href":"https:\/\/corrientesdetarde.com\/index.php\/wp-json\/wp\/v2\/posts\/199718","targetHints":{"allow":["GET"]}}],"collection":[{"href":"https:\/\/corrientesdetarde.com\/index.php\/wp-json\/wp\/v2\/posts"}],"about":[{"href":"https:\/\/corrientesdetarde.com\/index.php\/wp-json\/wp\/v2\/types\/post"}],"author":[{"embeddable":true,"href":"https:\/\/corrientesdetarde.com\/index.php\/wp-json\/wp\/v2\/users\/4"}],"replies":[{"embeddable":true,"href":"https:\/\/corrientesdetarde.com\/index.php\/wp-json\/wp\/v2\/comments?post=199718"}],"version-history":[{"count":1,"href":"https:\/\/corrientesdetarde.com\/index.php\/wp-json\/wp\/v2\/posts\/199718\/revisions"}],"predecessor-version":[{"id":199742,"href":"https:\/\/corrientesdetarde.com\/index.php\/wp-json\/wp\/v2\/posts\/199718\/revisions\/199742"}],"wp:featuredmedia":[{"embeddable":true,"href":"https:\/\/corrientesdetarde.com\/index.php\/wp-json\/wp\/v2\/media\/199741"}],"wp:attachment":[{"href":"https:\/\/corrientesdetarde.com\/index.php\/wp-json\/wp\/v2\/media?parent=199718"}],"wp:term":[{"taxonomy":"category","embeddable":true,"href":"https:\/\/corrientesdetarde.com\/index.php\/wp-json\/wp\/v2\/categories?post=199718"},{"taxonomy":"post_tag","embeddable":true,"href":"https:\/\/corrientesdetarde.com\/index.php\/wp-json\/wp\/v2\/tags?post=199718"}],"curies":[{"name":"wp","href":"https:\/\/api.w.org\/{rel}","templated":true}]}}