{"id":199719,"date":"2025-03-31T20:52:53","date_gmt":"2025-03-31T23:52:53","guid":{"rendered":"https:\/\/corrientesdetarde.com\/?p=199719"},"modified":"2025-04-01T08:01:56","modified_gmt":"2025-04-01T11:01:56","slug":"en-ituzaingo-este-martes-valdes-realizara-inauguraciones-de-pavimento-e-iluminacion","status":"publish","type":"post","link":"https:\/\/corrientesdetarde.com\/index.php\/locales\/en-ituzaingo-este-martes-valdes-realizara-inauguraciones-de-pavimento-e-iluminacion\/","title":{"rendered":"En Ituzaing\u00f3, este martes Vald\u00e9s realizar\u00e1 inauguraciones de pavimento e iluminaci\u00f3n"},"content":{"rendered":"\n<p>El gobernador Gustavo Vald\u00e9s, este martes a las 18, en Ituzaing\u00f3 realizar\u00e1 la inauguraci\u00f3n de 24 cuadras de pavimento de hormig\u00f3n, en el barrio 100 viviendas. Y a las 19, habilitar\u00e1 50 cuadras de iluminaci\u00f3n LED, en el B\u00b0 San Francisco.<\/p>\n\n\n\n<p>Por otra parte, el mi\u00e9rcoles 2 de abril, a las 18 presidir\u00e1 el acto central en conmemoraci\u00f3n al 43\u00b0 Aniversario de la Gesta de Malvinas, en el Cors\u00f3dromo Dolores &#8220;Lolocha&#8221; Ojeda, por 9 de Julio y Paran\u00e1.<\/p>\n","protected":false},"excerpt":{"rendered":"<p>El gobernador Gustavo Vald\u00e9s, este martes a las 18, en Ituzaing\u00f3 realizar\u00e1 la inauguraci\u00f3n de 24 cuadras de pavimento de hormig\u00f3n, en el barrio 100 viviendas. Y a las 19,&hellip; <\/p>\n","protected":false},"author":4,"featured_media":199737,"comment_status":"closed","ping_status":"open","sticky":false,"template":"","format":"standard","meta":{"footnotes":""},"categories":[8],"tags":[],"class_list":["post-199719","post","type-post","status-publish","format-standard","has-post-thumbnail","hentry","category-locales"],"_links":{"self":[{"href":"https:\/\/corrientesdetarde.com\/index.php\/wp-json\/wp\/v2\/posts\/199719","targetHints":{"allow":["GET"]}}],"collection":[{"href":"https:\/\/corrientesdetarde.com\/index.php\/wp-json\/wp\/v2\/posts"}],"about":[{"href":"https:\/\/corrientesdetarde.com\/index.php\/wp-json\/wp\/v2\/types\/post"}],"author":[{"embeddable":true,"href":"https:\/\/corrientesdetarde.com\/index.php\/wp-json\/wp\/v2\/users\/4"}],"replies":[{"embeddable":true,"href":"https:\/\/corrientesdetarde.com\/index.php\/wp-json\/wp\/v2\/comments?post=199719"}],"version-history":[{"count":1,"href":"https:\/\/corrientesdetarde.com\/index.php\/wp-json\/wp\/v2\/posts\/199719\/revisions"}],"predecessor-version":[{"id":199738,"href":"https:\/\/corrientesdetarde.com\/index.php\/wp-json\/wp\/v2\/posts\/199719\/revisions\/199738"}],"wp:featuredmedia":[{"embeddable":true,"href":"https:\/\/corrientesdetarde.com\/index.php\/wp-json\/wp\/v2\/media\/199737"}],"wp:attachment":[{"href":"https:\/\/corrientesdetarde.com\/index.php\/wp-json\/wp\/v2\/media?parent=199719"}],"wp:term":[{"taxonomy":"category","embeddable":true,"href":"https:\/\/corrientesdetarde.com\/index.php\/wp-json\/wp\/v2\/categories?post=199719"},{"taxonomy":"post_tag","embeddable":true,"href":"https:\/\/corrientesdetarde.com\/index.php\/wp-json\/wp\/v2\/tags?post=199719"}],"curies":[{"name":"wp","href":"https:\/\/api.w.org\/{rel}","templated":true}]}}