{"id":199723,"date":"2025-03-31T20:34:59","date_gmt":"2025-03-31T23:34:59","guid":{"rendered":"https:\/\/corrientesdetarde.com\/?p=199723"},"modified":"2025-03-31T20:35:03","modified_gmt":"2025-03-31T23:35:03","slug":"se-realizaron-las-ferias-de-emprendedores-con-participantes-de-localidades-vecinas","status":"publish","type":"post","link":"https:\/\/corrientesdetarde.com\/index.php\/actualidad\/se-realizaron-las-ferias-de-emprendedores-con-participantes-de-localidades-vecinas\/","title":{"rendered":"Se realizaron las Ferias de Emprendedores con participantes de localidades vecinas"},"content":{"rendered":"\n<p>Con una gran confluencia de p\u00fablico se realizaron&nbsp;este domingo 30 de marzo,&nbsp;las Ferias de Emprendedores del Ministerio de&nbsp; Desarrollo Social&nbsp;en el Paseo Iber\u00e1&nbsp;de 18 a 00 hs, en el Parque Eucaliptal&nbsp;y en el Parque Mitre de 18 a 23 hs.<\/p>\n\n\n\n<p>Bajo la Coordinaci\u00f3n de la Direcci\u00f3n de Comercializaci\u00f3n cuya Directora es D\u00e9bora Galarza Alcaraz.<\/p>\n\n\n\n<p>La Expo-emprendedora se realiz\u00f3&nbsp;en el Paseo Iber\u00e1, ubicado en la Bajada del Puente Gral. Belgrano y Costanera por Lavalle entre D\u00edaz de Vivar y Cerrito, con la exposici\u00f3n y comercializaci\u00f3n de productos de distintos rubros.<\/p>\n\n\n\n<p>Con un sector gastron\u00f3mico con patio de comidas y espect\u00e1culos art\u00edsticos.<\/p>\n\n\n\n<p>Este domingo se sumaron emprendedores de localidades cercanas como Empedrado, Paso Patria y Mercedes.<\/p>\n\n\n\n<p>Por otro lado,&nbsp;el domingo&nbsp;adem\u00e1s&nbsp;se llev\u00f3 a cabo&nbsp;la Multiferia&nbsp;en el&nbsp;Parque El Eucaliptal del barrio San Jer\u00f3nimo&nbsp;donde emprendedores y artesanos expusieron sus productos&nbsp;de 18 a 23 hs y&nbsp;la Feria de Revendedores en el&nbsp; Parque Mitre, otro grupo de emprendedores comercializaron productos de reventa tambi\u00e9n de 18 a 23 hs.<\/p>\n\n\n\n<figure class=\"wp-block-image size-full\"><img loading=\"lazy\" decoding=\"async\" width=\"671\" height=\"890\" src=\"https:\/\/corrientesdetarde.com\/wp-content\/uploads\/2025\/03\/image-1277.png\" alt=\"\" class=\"wp-image-199724\" srcset=\"https:\/\/corrientesdetarde.com\/wp-content\/uploads\/2025\/03\/image-1277.png 671w, https:\/\/corrientesdetarde.com\/wp-content\/uploads\/2025\/03\/image-1277-226x300.png 226w\" sizes=\"auto, (max-width: 671px) 100vw, 671px\" \/><\/figure>\n\n\n\n<figure class=\"wp-block-image size-full\"><img loading=\"lazy\" decoding=\"async\" width=\"674\" height=\"904\" src=\"https:\/\/corrientesdetarde.com\/wp-content\/uploads\/2025\/03\/image-1278.png\" alt=\"\" class=\"wp-image-199725\" srcset=\"https:\/\/corrientesdetarde.com\/wp-content\/uploads\/2025\/03\/image-1278.png 674w, https:\/\/corrientesdetarde.com\/wp-content\/uploads\/2025\/03\/image-1278-224x300.png 224w\" sizes=\"auto, (max-width: 674px) 100vw, 674px\" \/><\/figure>\n\n\n\n<figure class=\"wp-block-image size-full\"><img loading=\"lazy\" decoding=\"async\" width=\"681\" height=\"903\" src=\"https:\/\/corrientesdetarde.com\/wp-content\/uploads\/2025\/03\/image-1279.png\" alt=\"\" class=\"wp-image-199726\" srcset=\"https:\/\/corrientesdetarde.com\/wp-content\/uploads\/2025\/03\/image-1279.png 681w, https:\/\/corrientesdetarde.com\/wp-content\/uploads\/2025\/03\/image-1279-226x300.png 226w\" sizes=\"auto, (max-width: 681px) 100vw, 681px\" \/><\/figure>\n","protected":false},"excerpt":{"rendered":"<p>Con una gran confluencia de p\u00fablico se realizaron&nbsp;este domingo 30 de marzo,&nbsp;las Ferias de Emprendedores del Ministerio de&nbsp; Desarrollo Social&nbsp;en el Paseo Iber\u00e1&nbsp;de 18 a 00 hs, en el Parque&hellip; <\/p>\n","protected":false},"author":4,"featured_media":199727,"comment_status":"closed","ping_status":"open","sticky":false,"template":"","format":"standard","meta":{"footnotes":""},"categories":[23],"tags":[],"class_list":["post-199723","post","type-post","status-publish","format-standard","has-post-thumbnail","hentry","category-actualidad"],"_links":{"self":[{"href":"https:\/\/corrientesdetarde.com\/index.php\/wp-json\/wp\/v2\/posts\/199723","targetHints":{"allow":["GET"]}}],"collection":[{"href":"https:\/\/corrientesdetarde.com\/index.php\/wp-json\/wp\/v2\/posts"}],"about":[{"href":"https:\/\/corrientesdetarde.com\/index.php\/wp-json\/wp\/v2\/types\/post"}],"author":[{"embeddable":true,"href":"https:\/\/corrientesdetarde.com\/index.php\/wp-json\/wp\/v2\/users\/4"}],"replies":[{"embeddable":true,"href":"https:\/\/corrientesdetarde.com\/index.php\/wp-json\/wp\/v2\/comments?post=199723"}],"version-history":[{"count":1,"href":"https:\/\/corrientesdetarde.com\/index.php\/wp-json\/wp\/v2\/posts\/199723\/revisions"}],"predecessor-version":[{"id":199728,"href":"https:\/\/corrientesdetarde.com\/index.php\/wp-json\/wp\/v2\/posts\/199723\/revisions\/199728"}],"wp:featuredmedia":[{"embeddable":true,"href":"https:\/\/corrientesdetarde.com\/index.php\/wp-json\/wp\/v2\/media\/199727"}],"wp:attachment":[{"href":"https:\/\/corrientesdetarde.com\/index.php\/wp-json\/wp\/v2\/media?parent=199723"}],"wp:term":[{"taxonomy":"category","embeddable":true,"href":"https:\/\/corrientesdetarde.com\/index.php\/wp-json\/wp\/v2\/categories?post=199723"},{"taxonomy":"post_tag","embeddable":true,"href":"https:\/\/corrientesdetarde.com\/index.php\/wp-json\/wp\/v2\/tags?post=199723"}],"curies":[{"name":"wp","href":"https:\/\/api.w.org\/{rel}","templated":true}]}}