{"id":199729,"date":"2025-03-31T20:45:08","date_gmt":"2025-03-31T23:45:08","guid":{"rendered":"https:\/\/corrientesdetarde.com\/?p=199729"},"modified":"2025-03-31T20:54:09","modified_gmt":"2025-03-31T23:54:09","slug":"la-municipalidad-reconocio-el-aporte-de-mujeres-destacadas-de-la-ciudad","status":"publish","type":"post","link":"https:\/\/corrientesdetarde.com\/index.php\/locales\/la-municipalidad-reconocio-el-aporte-de-mujeres-destacadas-de-la-ciudad\/","title":{"rendered":"La Municipalidad reconoci\u00f3 el aporte de mujeres destacadas de la ciudad"},"content":{"rendered":"\n<p><em>El acto fue encabezado este lunes por el intendente, Eduardo Tassano, en la Sociedad Espa\u00f1ola. Se homenajearon a mujeres que desarrollan un rol clave en la sociedad a partir de sus profesiones, emprendimientos y acciones. Durante todo el Mes de la Mujer, se llevaron adelante diversas actividades de concientizaci\u00f3n y recreativas.&nbsp;<\/em><\/p>\n\n\n\n<figure class=\"wp-block-embed is-type-video is-provider-youtube wp-block-embed-youtube wp-embed-aspect-16-9 wp-has-aspect-ratio\"><div class=\"wp-block-embed__wrapper\">\n<iframe loading=\"lazy\" title=\"La Municipalidad reconoci\u00f3 a mujeres destacadas de la ciudad\" width=\"1110\" height=\"624\" src=\"https:\/\/www.youtube.com\/embed\/1iwAhOJ_bIw?feature=oembed\" frameborder=\"0\" allow=\"accelerometer; autoplay; clipboard-write; encrypted-media; gyroscope; picture-in-picture; web-share\" referrerpolicy=\"strict-origin-when-cross-origin\" allowfullscreen><\/iframe>\n<\/div><\/figure>\n\n\n\n<p>En un acto encabezado por el intendente, Eduardo Tassano, la Municipalidad de Corrientes realiz\u00f3 este lunes el cierre de las actividades del Mes de la Mujer, con el reconocimiento a 10 mujeres destacadas por su labor en la ciudad.<\/p>\n\n\n\n<p>La jornada se desarroll\u00f3 en la Sociedad Espa\u00f1ola y estuvo a cargo de la Direcci\u00f3n General de G\u00e9nero, con el objetivo de reivindicar el papel de la mujer en la sociedad.&nbsp;<\/p>\n\n\n\n<p>La directora general de G\u00e9nero, Carolina Caama\u00f1o, explic\u00f3 que \u201ceste es el cierre del Mes de la Mujer que cont\u00f3 con actividades recreativas, deportivas, culturales, art\u00edsticas, de concientizaci\u00f3n y de atenci\u00f3n a las mujeres\u201d.<\/p>\n\n\n\n<p>La funcionaria se\u00f1al\u00f3 que \u201ces un homenaje a 10 mujeres destacadas de la ciudad que&nbsp;creemos que tienen que ser reconocidas por el trabajo que hacen\u201d. \u201cMuchas veces es un trabajo silencioso pero muy importante, como por ejemplo las mujeres de \u00c1ngeles del Puente, una bombero, una jefa del servicio penitenciario, una historiadora, dos doctoras\u201d, agreg\u00f3.<\/p>\n\n\n\n<p>En ese sentido, Cama\u00f1o resalt\u00f3 que es importante llevar adelante este tipo de actividades porque \u201cdestacar el rol de la mujer aporta tambi\u00e9n a una sociedad m\u00e1s igualitaria. Sobretodo hoy, donde los derechos de las mujeres por ah\u00ed son cuestionados\u201d.<\/p>\n\n\n\n<p>\u201cEs muy importante que desde el Estado trabajemos para apoyarlo, para apoyar las leyes y normativas vigentes que hoy tenemos dentro de la Argentina y de la provincia de Corrientes para reconocer a las mujeres\u201d, a\u00f1adi\u00f3 la directora general de G\u00e9nero.<\/p>\n\n\n\n<p>Entre tanto, la funcionaria valor\u00f3 \u201cel acompa\u00f1amiento del Gobierno provincial, a trav\u00e9s del Consejo Provincial de la Mujer, del Centro de Monitoreo y Contenci\u00f3n de V\u00edctimas de Violencia de G\u00e9nero y del Centro de Atenci\u00f3n Integral Jur\u00eddica a V\u00edctimas de Violencia de G\u00e9nero, con quienes trabajamos en conjunto en la atenci\u00f3n de casos, para asesoramiento, para acompa\u00f1amiento y tambi\u00e9n nos acompa\u00f1an en lo que son los operativos de La Muni en Tu Barrio, sum\u00e1ndose a una actividad integral\u201d.<\/p>\n\n\n\n<p>VISIBILIZAR EL TRABAJO<\/p>\n\n\n\n<p>Por su parte, Constanza G\u00f3mez, CEO y cofundadora de Calificadas, se\u00f1al\u00f3 que el acto \u201ces una hermosa oportunidad para visibilizar el trabajo que hacemos las mujeres y c\u00f3mo estamos impactando en la sociedad y tambi\u00e9n es una forma de poder incentivar e inspirar a otras a que, si lo hacen en silencio, visibilicen lo que hacen\u201d.<\/p>\n\n\n\n<p>En cuanto a su actividad, G\u00f3mez precis\u00f3 que en Calificadas \u201cllevamos adelante una plataforma que se enfoca en desarrollar habilidades comunicativas para mujeres en espacios de trabajo para que podamos transmitir todo lo que sabemos, lo que pensamos y lo que hacemos al mundo en el que nos estamos rodeando\u201d.<\/p>\n\n\n\n<p>HOMENAJEADAS<\/p>\n\n\n\n<p>En esta oportunidad, fueron homenajeadas: Ana Bel\u00e9n Muniozguren, por su destacada labor social como parte del cuartel de Bomberos Voluntarios de la ciudad de Corrientes; Constanza G\u00f3mez, por su destacada labor al frente de la empresa Calificadas \u2013innovadora app correntina-; Clara Aquino, por su destacada labor en Salud en el Banco de Lactancia Materna; Roc\u00edo Telechea, por su destacada labor social como parte del grupo de voluntarios \u00c1ngeles del Puente que patrullan el viaducto para prevenir intentos de suicidios.<\/p>\n\n\n\n<p>Tambi\u00e9n Roc\u00edo Vega, por su destacada labor en un emprendimiento, ya que form\u00f3 parte del plan de reconversi\u00f3n laboral de carreros a emprendedores, y hoy est\u00e1 al frente de una hamburgueser\u00eda; Andrea N\u00fa\u00f1ez, por su destacada labor en el deporte, es profesora de Educaci\u00f3n F\u00edsica y \u00e1rbitro de f\u00fatbol; Mar\u00eda del Mar Sol\u00eds Carnicer, por su destacada labor en educaci\u00f3n, como profesora, investigadora, doctora en Historia y Posdoctora en Ciencia Pol\u00edtica; Ver\u00f3nica Aguilar, por su destacada labor en la Municipalidad de Corrientes, como integrante del servicio especial de Recolecci\u00f3n Diferenciada de Residuos; Carolina Arom\u00ed, por su destacada labor en salud, para la creaci\u00f3n del Banco de Sangre Animal; y Sandra Elizabeth Meza, por su destacada labor en el servicio penitenciario, donde actualmente es inspectora general.<\/p>\n\n\n\n<figure class=\"wp-block-image size-large\"><img loading=\"lazy\" decoding=\"async\" width=\"1024\" height=\"672\" src=\"https:\/\/corrientesdetarde.com\/wp-content\/uploads\/2025\/03\/image-1280-1024x672.png\" alt=\"\" class=\"wp-image-199730\" srcset=\"https:\/\/corrientesdetarde.com\/wp-content\/uploads\/2025\/03\/image-1280-1024x672.png 1024w, https:\/\/corrientesdetarde.com\/wp-content\/uploads\/2025\/03\/image-1280-300x197.png 300w, https:\/\/corrientesdetarde.com\/wp-content\/uploads\/2025\/03\/image-1280-768x504.png 768w, https:\/\/corrientesdetarde.com\/wp-content\/uploads\/2025\/03\/image-1280.png 1268w\" sizes=\"auto, (max-width: 1024px) 100vw, 1024px\" \/><\/figure>\n\n\n\n<figure class=\"wp-block-image size-large\"><img loading=\"lazy\" decoding=\"async\" width=\"1024\" height=\"678\" src=\"https:\/\/corrientesdetarde.com\/wp-content\/uploads\/2025\/03\/image-1281-1024x678.png\" alt=\"\" class=\"wp-image-199731\" srcset=\"https:\/\/corrientesdetarde.com\/wp-content\/uploads\/2025\/03\/image-1281-1024x678.png 1024w, https:\/\/corrientesdetarde.com\/wp-content\/uploads\/2025\/03\/image-1281-300x199.png 300w, https:\/\/corrientesdetarde.com\/wp-content\/uploads\/2025\/03\/image-1281-768x509.png 768w, https:\/\/corrientesdetarde.com\/wp-content\/uploads\/2025\/03\/image-1281.png 1268w\" sizes=\"auto, (max-width: 1024px) 100vw, 1024px\" \/><\/figure>\n\n\n\n<figure class=\"wp-block-image size-large\"><img loading=\"lazy\" decoding=\"async\" width=\"1024\" height=\"676\" src=\"https:\/\/corrientesdetarde.com\/wp-content\/uploads\/2025\/03\/image-1282-1024x676.png\" alt=\"\" class=\"wp-image-199732\" srcset=\"https:\/\/corrientesdetarde.com\/wp-content\/uploads\/2025\/03\/image-1282-1024x676.png 1024w, https:\/\/corrientesdetarde.com\/wp-content\/uploads\/2025\/03\/image-1282-300x198.png 300w, https:\/\/corrientesdetarde.com\/wp-content\/uploads\/2025\/03\/image-1282-768x507.png 768w, https:\/\/corrientesdetarde.com\/wp-content\/uploads\/2025\/03\/image-1282.png 1255w\" sizes=\"auto, (max-width: 1024px) 100vw, 1024px\" \/><\/figure>\n\n\n\n<figure class=\"wp-block-image size-large\"><img loading=\"lazy\" decoding=\"async\" width=\"1024\" height=\"699\" src=\"https:\/\/corrientesdetarde.com\/wp-content\/uploads\/2025\/03\/image-1283-1024x699.png\" alt=\"\" class=\"wp-image-199733\" srcset=\"https:\/\/corrientesdetarde.com\/wp-content\/uploads\/2025\/03\/image-1283-1024x699.png 1024w, https:\/\/corrientesdetarde.com\/wp-content\/uploads\/2025\/03\/image-1283-300x205.png 300w, https:\/\/corrientesdetarde.com\/wp-content\/uploads\/2025\/03\/image-1283-768x524.png 768w, https:\/\/corrientesdetarde.com\/wp-content\/uploads\/2025\/03\/image-1283.png 1212w\" sizes=\"auto, (max-width: 1024px) 100vw, 1024px\" \/><\/figure>\n","protected":false},"excerpt":{"rendered":"<p>El acto fue encabezado este lunes por el intendente, Eduardo Tassano, en la Sociedad Espa\u00f1ola. Se homenajearon a mujeres que desarrollan un rol clave en la sociedad a partir de&hellip; <\/p>\n","protected":false},"author":4,"featured_media":199734,"comment_status":"closed","ping_status":"open","sticky":false,"template":"","format":"standard","meta":{"footnotes":""},"categories":[8],"tags":[],"class_list":["post-199729","post","type-post","status-publish","format-standard","has-post-thumbnail","hentry","category-locales"],"_links":{"self":[{"href":"https:\/\/corrientesdetarde.com\/index.php\/wp-json\/wp\/v2\/posts\/199729","targetHints":{"allow":["GET"]}}],"collection":[{"href":"https:\/\/corrientesdetarde.com\/index.php\/wp-json\/wp\/v2\/posts"}],"about":[{"href":"https:\/\/corrientesdetarde.com\/index.php\/wp-json\/wp\/v2\/types\/post"}],"author":[{"embeddable":true,"href":"https:\/\/corrientesdetarde.com\/index.php\/wp-json\/wp\/v2\/users\/4"}],"replies":[{"embeddable":true,"href":"https:\/\/corrientesdetarde.com\/index.php\/wp-json\/wp\/v2\/comments?post=199729"}],"version-history":[{"count":2,"href":"https:\/\/corrientesdetarde.com\/index.php\/wp-json\/wp\/v2\/posts\/199729\/revisions"}],"predecessor-version":[{"id":199736,"href":"https:\/\/corrientesdetarde.com\/index.php\/wp-json\/wp\/v2\/posts\/199729\/revisions\/199736"}],"wp:featuredmedia":[{"embeddable":true,"href":"https:\/\/corrientesdetarde.com\/index.php\/wp-json\/wp\/v2\/media\/199734"}],"wp:attachment":[{"href":"https:\/\/corrientesdetarde.com\/index.php\/wp-json\/wp\/v2\/media?parent=199729"}],"wp:term":[{"taxonomy":"category","embeddable":true,"href":"https:\/\/corrientesdetarde.com\/index.php\/wp-json\/wp\/v2\/categories?post=199729"},{"taxonomy":"post_tag","embeddable":true,"href":"https:\/\/corrientesdetarde.com\/index.php\/wp-json\/wp\/v2\/tags?post=199729"}],"curies":[{"name":"wp","href":"https:\/\/api.w.org\/{rel}","templated":true}]}}