{"id":199749,"date":"2025-03-31T21:01:38","date_gmt":"2025-04-01T00:01:38","guid":{"rendered":"https:\/\/corrientesdetarde.com\/?p=199749"},"modified":"2025-03-31T21:01:42","modified_gmt":"2025-04-01T00:01:42","slug":"una-familia-correntina-necesito-mas-de-900-mil-pesos-en-febrero-para-no-ser-pobre","status":"publish","type":"post","link":"https:\/\/corrientesdetarde.com\/index.php\/economia\/una-familia-correntina-necesito-mas-de-900-mil-pesos-en-febrero-para-no-ser-pobre\/","title":{"rendered":"Una familia correntina necesit\u00f3 m\u00e1s de 900 mil pesos en febrero para no ser pobre"},"content":{"rendered":"\n<p>El estudio detalla que una familia conformada por dos adultos y dos hijos en edad escolar, sin considerar el pago de alquiler, requiri\u00f3 adem\u00e1s 396.946 pesos para costear la Canasta B\u00e1sica Alimentaria (CBA) y superar la l\u00ednea de la indigencia.<\/p>\n\n\n\n<p>Un informe del Instituto de Investigaci\u00f3n Social, Econ\u00f3mica y Pol\u00edtica Ciudadana (Isepci), delegaci\u00f3n Corrientes, revel\u00f3 que en febrero una familia tipo necesit\u00f3 905.038 pesos para cubrir la Canasta B\u00e1sica Total (CBT) y no caer bajo la l\u00ednea de la pobreza. La medici\u00f3n se realiz\u00f3 a partir del \u00cdndice Barrial de Precios (IBP), tras relevar m\u00e1s de 300 comercios en seis localidades de la provincia, incluyendo la Capital.<\/p>\n\n\n\n<p>El estudio detalla que una familia conformada por dos adultos y dos hijos en edad escolar, sin considerar el pago de alquiler, requiri\u00f3 adem\u00e1s 396.946 pesos para costear la Canasta B\u00e1sica Alimentaria (CBA) y superar la l\u00ednea de la indigencia.<\/p>\n\n\n\n<figure class=\"wp-block-image size-full\"><img loading=\"lazy\" decoding=\"async\" width=\"608\" height=\"611\" src=\"https:\/\/corrientesdetarde.com\/wp-content\/uploads\/2025\/03\/Captura-de-pantalla-2025-03-31-210025.png\" alt=\"\" class=\"wp-image-199750\" srcset=\"https:\/\/corrientesdetarde.com\/wp-content\/uploads\/2025\/03\/Captura-de-pantalla-2025-03-31-210025.png 608w, https:\/\/corrientesdetarde.com\/wp-content\/uploads\/2025\/03\/Captura-de-pantalla-2025-03-31-210025-300x300.png 300w, https:\/\/corrientesdetarde.com\/wp-content\/uploads\/2025\/03\/Captura-de-pantalla-2025-03-31-210025-150x150.png 150w\" sizes=\"auto, (max-width: 608px) 100vw, 608px\" \/><\/figure>\n\n\n\n<p>Seg\u00fan los datos del IBP, la CBT experiment\u00f3 un incremento interanual del 55,22%, mientras que la CBA subi\u00f3 un 49,91%. En cuanto a los rubros espec\u00edficos, los productos de carnicer\u00eda aumentaron un 58,25%, los de verduler\u00eda un 39,09% y los de almac\u00e9n un 37,54%.<\/p>\n\n\n\n<p>La directora de Isepci Corrientes, Silvana Lagra\u00f1a, destac\u00f3 que en febrero el rubro de carnicer\u00eda registr\u00f3 el mayor aumento mensual, con un 8,69%. &#8220;El costo se vuelve alarmante nuevamente, ya que se trata de productos esenciales en la alimentaci\u00f3n de las familias. Estas importantes subas, por ejemplo en cortes populares, pueden incidir en la disminuci\u00f3n del consumo, ya sea por su eliminaci\u00f3n o su sustituci\u00f3n&#8221;, advirti\u00f3.<\/p>\n\n\n\n<p>Lagra\u00f1a se\u00f1al\u00f3 que, aunque la inflaci\u00f3n es menor en comparaci\u00f3n con per\u00edodos anteriores, sigue siendo elevada y afecta el consumo. &#8220;Se da en un contexto que contin\u00faa caracteriz\u00e1ndose por la ca\u00edda del consumo&#8221;, concluy\u00f3.<\/p>\n","protected":false},"excerpt":{"rendered":"<p>El estudio detalla que una familia conformada por dos adultos y dos hijos en edad escolar, sin considerar el pago de alquiler, requiri\u00f3 adem\u00e1s 396.946 pesos para costear la Canasta&hellip; <\/p>\n","protected":false},"author":4,"featured_media":199750,"comment_status":"closed","ping_status":"open","sticky":false,"template":"","format":"standard","meta":{"footnotes":""},"categories":[20],"tags":[],"class_list":["post-199749","post","type-post","status-publish","format-standard","has-post-thumbnail","hentry","category-economia"],"_links":{"self":[{"href":"https:\/\/corrientesdetarde.com\/index.php\/wp-json\/wp\/v2\/posts\/199749","targetHints":{"allow":["GET"]}}],"collection":[{"href":"https:\/\/corrientesdetarde.com\/index.php\/wp-json\/wp\/v2\/posts"}],"about":[{"href":"https:\/\/corrientesdetarde.com\/index.php\/wp-json\/wp\/v2\/types\/post"}],"author":[{"embeddable":true,"href":"https:\/\/corrientesdetarde.com\/index.php\/wp-json\/wp\/v2\/users\/4"}],"replies":[{"embeddable":true,"href":"https:\/\/corrientesdetarde.com\/index.php\/wp-json\/wp\/v2\/comments?post=199749"}],"version-history":[{"count":1,"href":"https:\/\/corrientesdetarde.com\/index.php\/wp-json\/wp\/v2\/posts\/199749\/revisions"}],"predecessor-version":[{"id":199751,"href":"https:\/\/corrientesdetarde.com\/index.php\/wp-json\/wp\/v2\/posts\/199749\/revisions\/199751"}],"wp:featuredmedia":[{"embeddable":true,"href":"https:\/\/corrientesdetarde.com\/index.php\/wp-json\/wp\/v2\/media\/199750"}],"wp:attachment":[{"href":"https:\/\/corrientesdetarde.com\/index.php\/wp-json\/wp\/v2\/media?parent=199749"}],"wp:term":[{"taxonomy":"category","embeddable":true,"href":"https:\/\/corrientesdetarde.com\/index.php\/wp-json\/wp\/v2\/categories?post=199749"},{"taxonomy":"post_tag","embeddable":true,"href":"https:\/\/corrientesdetarde.com\/index.php\/wp-json\/wp\/v2\/tags?post=199749"}],"curies":[{"name":"wp","href":"https:\/\/api.w.org\/{rel}","templated":true}]}}