{"id":199760,"date":"2025-03-31T23:55:16","date_gmt":"2025-04-01T02:55:16","guid":{"rendered":"https:\/\/corrientesdetarde.com\/?p=199760"},"modified":"2025-03-31T23:57:14","modified_gmt":"2025-04-01T02:57:14","slug":"corrientes-cerro-el-2024-con-36-de-pobreza","status":"publish","type":"post","link":"https:\/\/corrientesdetarde.com\/index.php\/economia\/corrientes-cerro-el-2024-con-36-de-pobreza\/","title":{"rendered":"Corrientes cerr\u00f3 el 2024 con 36% de pobreza"},"content":{"rendered":"\n<p>Mientras que la indigencia fue del 5,6% en hogares y 6,7% en personas.<\/p>\n\n\n\n<p>De acuerdo a lo informado por el INDEC, en el aglomerado urbano de la ciudad de Corrientes la pobreza alcanz\u00f3 al 36% de la poblaci\u00f3n y la indigencia al 6,7%, por debajo de niveles del semestre anterior. La regi\u00f3n NEA en su conjunto registr\u00f3 47% de personas pobres y 11,5% de indigentes.<\/p>\n\n\n\n<p>As\u00ed lo establece la Encuesta &#8220;Condiciones de Vida&#8221; del INDEC que mide la incidencia de la pobreza y la indigencia en 31 aglomerados urbanos.<\/p>\n\n\n\n<p>Seg\u00fan los resultados, a nivel pa\u00eds el porcentaje de hogares por debajo de la l\u00ednea de pobreza (LP) alcanz\u00f3 el 28,6%; en ellos reside el 38,1% de las personas.<\/p>\n\n\n\n<p>Dentro de este conjunto se distingue un 6,4% de hogares por debajo de la l\u00ednea de indigencia (LI), que incluyen al 8,2% de las personas.<\/p>\n\n\n\n<p>Con respecto al primer semestre de 2024, la incidencia de la pobreza registr\u00f3 un descenso tanto en los hogares como en las personas, de 13,9 y 14,8 puntos porcentuales (p.p.), respectivamente. En el caso de la indigencia, mostr\u00f3 una disminuci\u00f3n de 7,2 p.p. en los hogares y de 9,9 p.p. en las personas.<\/p>\n\n\n\n<p>A nivel regional se observ\u00f3 una disminuci\u00f3n de la pobreza y la indigencia en todas las regiones.<\/p>\n\n\n\n<p><br><strong>CORRIENTES<\/strong><\/p>\n\n\n\n<p>En el caso del aglomerado de Corrientes Capital, se registr\u00f3 una pobreza de 27% en hogares y 36% en personas.<\/p>\n\n\n\n<p>Mientras que la indigencia fue del 5,6% en hogares y 6,7% en personas.<\/p>\n\n\n\n<p>Proyectados a la poblaci\u00f3n, se estima que en el aglomerado de Corrientes Capital hay 35.281 hogares pobres y 141.456 personas pobres, y en el caso de la indigencia hay 7.355 hogares en la indigencia y 26.502 personas en la indigencia.<\/p>\n\n\n\n<p>Cabe recordar que Corrientes en el primer semestre de 2024 hab\u00eda registrado una pobreza del 52,3% de las personas y 13,4% en la indigencia.<\/p>\n\n\n\n<p>En tanto, hab\u00eda cerrado el a\u00f1o 2023 con 48,4% de personas en la pobreza y 8,6% en la indigencia.<\/p>\n\n\n\n<p><br><strong>NORDESTE<\/strong><\/p>\n\n\n\n<p>Seg\u00fan el INDEC, las mayores incidencias de la pobreza en personas se observaron en las regiones de NEA 47% y NOA 42,8%.<\/p>\n\n\n\n<p>En la regi\u00f3n NEA, tomando s\u00f3lo datos de personas, el 47% de las personas son pobres y el 11,6% indigentes, mientras que el 37,1% de los hogares son pobres y el 9,5% de los hogares vive en la indigencia.<\/p>\n\n\n\n<p>El Gran Resistencia cerr\u00f3 el 2024 con 60,8% de personas pobres y 22,4% de indigentes.<\/p>\n\n\n\n<p>Posadas registra 43,4% de personas pobres y 7,7% de indigentes.<\/p>\n\n\n\n<p>Y en la ciudad de Formosa se registr\u00f3 46,2% de personas pobres y 7,5% de indigencia.<\/p>\n","protected":false},"excerpt":{"rendered":"<p>Mientras que la indigencia fue del 5,6% en hogares y 6,7% en personas. De acuerdo a lo informado por el INDEC, en el aglomerado urbano de la ciudad de Corrientes&hellip; <\/p>\n","protected":false},"author":4,"featured_media":199761,"comment_status":"closed","ping_status":"open","sticky":false,"template":"","format":"standard","meta":{"footnotes":""},"categories":[20],"tags":[],"class_list":["post-199760","post","type-post","status-publish","format-standard","has-post-thumbnail","hentry","category-economia"],"_links":{"self":[{"href":"https:\/\/corrientesdetarde.com\/index.php\/wp-json\/wp\/v2\/posts\/199760","targetHints":{"allow":["GET"]}}],"collection":[{"href":"https:\/\/corrientesdetarde.com\/index.php\/wp-json\/wp\/v2\/posts"}],"about":[{"href":"https:\/\/corrientesdetarde.com\/index.php\/wp-json\/wp\/v2\/types\/post"}],"author":[{"embeddable":true,"href":"https:\/\/corrientesdetarde.com\/index.php\/wp-json\/wp\/v2\/users\/4"}],"replies":[{"embeddable":true,"href":"https:\/\/corrientesdetarde.com\/index.php\/wp-json\/wp\/v2\/comments?post=199760"}],"version-history":[{"count":1,"href":"https:\/\/corrientesdetarde.com\/index.php\/wp-json\/wp\/v2\/posts\/199760\/revisions"}],"predecessor-version":[{"id":199785,"href":"https:\/\/corrientesdetarde.com\/index.php\/wp-json\/wp\/v2\/posts\/199760\/revisions\/199785"}],"wp:featuredmedia":[{"embeddable":true,"href":"https:\/\/corrientesdetarde.com\/index.php\/wp-json\/wp\/v2\/media\/199761"}],"wp:attachment":[{"href":"https:\/\/corrientesdetarde.com\/index.php\/wp-json\/wp\/v2\/media?parent=199760"}],"wp:term":[{"taxonomy":"category","embeddable":true,"href":"https:\/\/corrientesdetarde.com\/index.php\/wp-json\/wp\/v2\/categories?post=199760"},{"taxonomy":"post_tag","embeddable":true,"href":"https:\/\/corrientesdetarde.com\/index.php\/wp-json\/wp\/v2\/tags?post=199760"}],"curies":[{"name":"wp","href":"https:\/\/api.w.org\/{rel}","templated":true}]}}