{"id":199768,"date":"2025-03-31T22:36:30","date_gmt":"2025-04-01T01:36:30","guid":{"rendered":"https:\/\/corrientesdetarde.com\/?p=199768"},"modified":"2025-03-31T22:36:34","modified_gmt":"2025-04-01T01:36:34","slug":"denuncian-ataque-a-elon-musk-se-incendio-un-concesionario-de-tesla-en-roma-y-sospechan-que-fue-provocado","status":"publish","type":"post","link":"https:\/\/corrientesdetarde.com\/index.php\/internacionales\/denuncian-ataque-a-elon-musk-se-incendio-un-concesionario-de-tesla-en-roma-y-sospechan-que-fue-provocado\/","title":{"rendered":"Denuncian ataque a Elon Musk: se incendi\u00f3 un concesionario de Tesla en Roma y sospechan que fue provocado"},"content":{"rendered":"\n<h2 class=\"wp-block-heading\">Un incendio en un distribuidor de Tesla en las afueras de Roma destruy\u00f3 17 veh\u00edculos el\u00e9ctricos. Se investiga un posible incendio provocado.<\/h2>\n\n\n\n<p>Un\u00a0<strong>incendio<\/strong>\u00a0ocurri\u00f3 en un\u00a0distribuidor de\u00a0Tesla\u00a0en las afueras de Roma la madrugada de este lunes,\u00a0lo que destruy\u00f3 al menos 17 veh\u00edculos el\u00e9ctricos (VE), confirmaron\u00a0las autoridades locales.<\/p>\n\n\n\n<p>El&nbsp;<strong>incendio<\/strong>, reportado alrededor de las 4:30 hora local (02:30&nbsp;GMT), cubri\u00f3 r\u00e1pidamente 17 veh\u00edculos el\u00e9ctricos en la sala de&nbsp;exhibici\u00f3n y da\u00f1\u00f3 parte de la estructura del concesionario a pesar&nbsp;de la r\u00e1pida respuesta de los bomberos y de la Polic\u00eda.<\/p>\n\n\n\n<p>La brigada de bomberos de Roma inform\u00f3 a la agencia de noticias Xinhua que se&nbsp;emprendi\u00f3 una&nbsp;<strong>investigaci\u00f3n&nbsp;<\/strong>y que entre las posibles causas se&nbsp;vislumbra un incendio provocado.<\/p>\n\n\n\n<p>Aunque a\u00f1adieron que es muy pronto para determinar la causa&nbsp;precisa.&nbsp;<em><strong>&#8220;No podemos descartar ninguna posibilidad en esta etapa,&nbsp;incluyendo un incendio provocado&#8221;,&nbsp;<\/strong><\/em>expres\u00f3 un portavoz de la brigada&nbsp;de bomberos.<\/p>\n\n\n\n<p>Las autoridades locales se\u00f1alaron que est\u00e1n revisando las&nbsp;im\u00e1genes de al menos siete&nbsp;<strong>c\u00e1maras de vigilancia&nbsp;<\/strong>y examinando las&nbsp;secuelas para recabar evidencia.<\/p>\n\n\n\n<p>Por su parte, medios locales especularon que el fuego podr\u00eda&nbsp;estar relacionado con un&nbsp;<strong>incendio intencional&nbsp;<\/strong>o con protestas de&nbsp;anarquistas.<\/p>\n\n\n\n<p>El&nbsp;<strong>incendio de Roma&nbsp;<\/strong>ocurri\u00f3 despu\u00e9s de otro ataque contra una&nbsp;instalaci\u00f3n de Tesla en Alemania a principios de este mes.<\/p>\n\n\n\n<p>El 5 de marzo, un grupo ecologista extremista autodenominado&nbsp;<strong>&#8220;Grupo Volc\u00e1n&#8221;&nbsp;<\/strong>se atribuy\u00f3 la responsabilidad de un ataque&nbsp;incendiario intencional contra una estaci\u00f3n de transformadores&nbsp;el\u00e9ctricos de la gigaf\u00e1brica de Tesla en Berl\u00edn.<\/p>\n\n\n\n<p>Ese&nbsp;<strong>incidente&nbsp;<\/strong>provoc\u00f3 un apag\u00f3n masivo y oblig\u00f3 a evacuar a los&nbsp;empleados de la f\u00e1brica.<\/p>\n\n\n\n<p><strong>Elon Musk<\/strong>, el director general de Tesla, ocup\u00f3 los encabezados&nbsp;en Europa en las \u00faltimas semanas luego de expresar p\u00fablicamente su&nbsp;apoyo al partido pol\u00edtico alem\u00e1n de extrema derecha AFD.<\/p>\n\n\n\n<p><strong>Su estrecha relaci\u00f3n con el presidente de los Estados Unidos,&nbsp;Donald Trump, quien anunci\u00f3 aranceles y se espera que imponga una&nbsp;nueva serie de aranceles contra sus socios comerciales,<\/strong>&nbsp;incluidos&nbsp;aliados europeos, tambi\u00e9n atrajo la atenci\u00f3n internacional.<\/p>\n","protected":false},"excerpt":{"rendered":"<p>Un incendio en un distribuidor de Tesla en las afueras de Roma destruy\u00f3 17 veh\u00edculos el\u00e9ctricos. Se investiga un posible incendio provocado. Un\u00a0incendio\u00a0ocurri\u00f3 en un\u00a0distribuidor de\u00a0Tesla\u00a0en las afueras de Roma&hellip; <\/p>\n","protected":false},"author":4,"featured_media":199769,"comment_status":"closed","ping_status":"open","sticky":false,"template":"","format":"standard","meta":{"footnotes":""},"categories":[11],"tags":[],"class_list":["post-199768","post","type-post","status-publish","format-standard","has-post-thumbnail","hentry","category-internacionales"],"_links":{"self":[{"href":"https:\/\/corrientesdetarde.com\/index.php\/wp-json\/wp\/v2\/posts\/199768","targetHints":{"allow":["GET"]}}],"collection":[{"href":"https:\/\/corrientesdetarde.com\/index.php\/wp-json\/wp\/v2\/posts"}],"about":[{"href":"https:\/\/corrientesdetarde.com\/index.php\/wp-json\/wp\/v2\/types\/post"}],"author":[{"embeddable":true,"href":"https:\/\/corrientesdetarde.com\/index.php\/wp-json\/wp\/v2\/users\/4"}],"replies":[{"embeddable":true,"href":"https:\/\/corrientesdetarde.com\/index.php\/wp-json\/wp\/v2\/comments?post=199768"}],"version-history":[{"count":1,"href":"https:\/\/corrientesdetarde.com\/index.php\/wp-json\/wp\/v2\/posts\/199768\/revisions"}],"predecessor-version":[{"id":199770,"href":"https:\/\/corrientesdetarde.com\/index.php\/wp-json\/wp\/v2\/posts\/199768\/revisions\/199770"}],"wp:featuredmedia":[{"embeddable":true,"href":"https:\/\/corrientesdetarde.com\/index.php\/wp-json\/wp\/v2\/media\/199769"}],"wp:attachment":[{"href":"https:\/\/corrientesdetarde.com\/index.php\/wp-json\/wp\/v2\/media?parent=199768"}],"wp:term":[{"taxonomy":"category","embeddable":true,"href":"https:\/\/corrientesdetarde.com\/index.php\/wp-json\/wp\/v2\/categories?post=199768"},{"taxonomy":"post_tag","embeddable":true,"href":"https:\/\/corrientesdetarde.com\/index.php\/wp-json\/wp\/v2\/tags?post=199768"}],"curies":[{"name":"wp","href":"https:\/\/api.w.org\/{rel}","templated":true}]}}