{"id":199771,"date":"2025-03-31T22:42:59","date_gmt":"2025-04-01T01:42:59","guid":{"rendered":"https:\/\/corrientesdetarde.com\/?p=199771"},"modified":"2025-03-31T22:43:03","modified_gmt":"2025-04-01T01:43:03","slug":"ecuador-veronica-abad-denuncio-internacionalmente-por-violencia-politica-de-genero-al-presidente-daniel-noboa","status":"publish","type":"post","link":"https:\/\/corrientesdetarde.com\/index.php\/internacionales\/ecuador-veronica-abad-denuncio-internacionalmente-por-violencia-politica-de-genero-al-presidente-daniel-noboa\/","title":{"rendered":"Ecuador: Ver\u00f3nica Abad denunci\u00f3 internacionalmente por violencia pol\u00edtica de g\u00e9nero al presidente Daniel Noboa"},"content":{"rendered":"\n<h2 class=\"wp-block-heading\">La vicepresidenta insisti\u00f3 en que un Presidente no puede ser candidato sin tomar licencia y record\u00f3 que el mandatario la defraud\u00f3.<\/h2>\n\n\n\n<p><strong>La vicepresidenta de Ecuador,&nbsp;Ver\u00f3nica Abad, desconocida por el primer mandatario de aquel pa\u00eds,&nbsp;Daniel Noboa, denunci\u00f3 ante diversos organismos internacionales lo que considera<\/strong><a href=\"https:\/\/noticiasargentinas.com\/internacionales\/ecuador--la-vicepresidenta-denuncio-a-noboa-por-violencia-politica-de-genero_a66bb776fd163b2b4a6c91d5d\"><mark><strong>&nbsp;&#8220;violencia pol\u00edtica de g\u00e9nero&#8221;&nbsp;<\/strong><\/mark><\/a>ejercida en su contra, informaron&nbsp;medios de distintos pa\u00edses.<\/p>\n\n\n\n<p><strong>Abad&nbsp;<\/strong>explic\u00f3 que dej\u00f3 unos d\u00edas Turqu\u00eda aprovechando jornadas&nbsp;festivas en aquella naci\u00f3n donde fue destinada por Noba, para&nbsp;presentar sus denuncias ante diversos organismos internacionales.<\/p>\n\n\n\n<p>Explic\u00f3 que&nbsp;<strong>radic\u00f3 sus denuncias ante las Naciones Unidas, en&nbsp;Ginebra y ante los Derechos Humanos de Europa y los diferentes&nbsp;organismos como Human Rights Watch o la Corte Interamericana de&nbsp;Derechos Humanos<\/strong>. &nbsp; &nbsp; &nbsp; &nbsp; &nbsp; &nbsp; &nbsp; &nbsp; &nbsp; &nbsp;<\/p>\n\n\n\n<p><em><strong>&#8220;La misma academia jurisprudencial del Ecuador y obviamente&nbsp;constitucionalistas y expertos en el tema hablan y critican,&nbsp;obviamente todos los hilos de persecuci\u00f3n que ha tenido la&nbsp;vicepresidenta a trav\u00e9s de sumarios administrativos, a&nbsp;trav\u00e9s de demandas electorales, que no es la primera&#8221;,&nbsp;<\/strong><\/em>declar\u00f3&nbsp;Abad al sitio RFI.<\/p>\n\n\n\n<p><strong>Abad&nbsp;<\/strong>insisti\u00f3 en Europa que&nbsp;<mark>Noba debe<\/mark><em><mark>&nbsp;&#8220;tomar licencia en el&nbsp;momento que quiera estar dentro de la campa\u00f1a pol\u00edtica para las&nbsp;pr\u00f3ximas elecciones&#8221;.<\/mark><\/em><\/p>\n\n\n\n<p>Pero&nbsp;<strong>el presidente de Ecuador design\u00f3 el s\u00e1bado mediante un&nbsp;decreto a Cynthia Gellibert como vicepresidenta del pa\u00eds<\/strong>, ante la&nbsp;<em>&#8220;ausencia temporal&#8221;&nbsp;<\/em>de la vicepresidenta electa en las urnas en&nbsp;2023, Ver\u00f3nica Abad.<\/p>\n\n\n\n<p><strong>Noboa&nbsp;<\/strong>tom\u00f3 la decisi\u00f3n a trav\u00e9s del decreto ejecutivo 588 que&nbsp;firm\u00f3 desde Miami, Estados Unidos, donde actividades cumpl\u00eda&nbsp;oficiales, seg\u00fan difundi\u00f3 la presidencia.<\/p>\n\n\n\n<p><strong>Gellibert&nbsp;<\/strong>se desempe\u00f1aba como secretaria general de la&nbsp;Administraci\u00f3n P\u00fablica y Gabinete de la Presidencia de la&nbsp;Rep\u00fablica.<\/p>\n\n\n\n<p>Fue designada temporariamente por tercera ocasi\u00f3n en lo que va&nbsp;del mandato de&nbsp;<strong>Noboa.<\/strong><br><br><strong>Abad&nbsp;<\/strong>ejerce como consejera temporal en la Embajada de Ecuador&nbsp;en Turqu\u00eda por decisi\u00f3n de Noboa.<\/p>\n\n\n\n<p>Adem\u00e1s, el Tribunal Contencioso Electoral (TCE) ratific\u00f3 el&nbsp;lunes la suspensi\u00f3n por dos a\u00f1os de los derechos pol\u00edticos a&nbsp;<strong>Abad,&nbsp;<\/strong>dentro de una denuncia por violencia pol\u00edtica de g\u00e9nero&nbsp;interpuesta por la canciller, Gabriela Sommerfeld, en octubre&nbsp;pasado.<\/p>\n\n\n\n<p>Esta sentencia qued\u00f3 en firme el viernes, por lo cual el&nbsp;Ministerio de Trabajo registr\u00f3 que&nbsp;<strong>Abad&nbsp;<\/strong>est\u00e1 oficialmente impedida&nbsp;de ejercer la vicepresidencia, aunque no se encuentra destituida.<\/p>\n\n\n\n<p><strong>Abad&nbsp;<\/strong>tampoco podr\u00e1 sufragar o participar como candidata en&nbsp;alg\u00fan proceso electoral durante dos a\u00f1os, detall\u00f3 la agencia de&nbsp;noticias Xinhua.<\/p>\n\n\n\n<p><em><strong>&#8220;No puede existir un candidato Presidente. No existe esa figura&nbsp;porque los competidores estar\u00edan en clara desventaja. Aqu\u00ed se han&nbsp;violentado los derechos humanos, no s\u00f3lo se ejerci\u00f3 violencia&nbsp;pol\u00edtica de g\u00e9nero contra la vicepresidenta, tenemos una violencia&nbsp;a la seguridad jur\u00eddica. Tambi\u00e9n hay una discriminaci\u00f3n, es decir,&nbsp;se est\u00e1 coartando la libertad de expresi\u00f3n y el derecho que tiene&nbsp;una mujer de ser madre y de ser profesional y de ser&nbsp;vicepresidenta&#8221;,<\/strong><\/em><strong>&nbsp;declar\u00f3 Abad.<\/strong><\/p>\n\n\n\n<p>Ella continu\u00f3:&nbsp;<em><strong>&#8220;Han violentado, han roto mi n\u00facleo familiar de&nbsp;todas las formas habidas y por haber. Desde el destierro que tuve&nbsp;en Israel hacia Turqu\u00eda y de Turqu\u00eda, nuevamente me volv\u00ed a&nbsp;Ecuador y nuevamente me volvieron a Turqu\u00eda. Entonces, la&nbsp;violaci\u00f3n sistem\u00e1tica de los derechos humanos, de los derechos&nbsp;pol\u00edticos que en este momento me est\u00e1n suspendiendo es parte&nbsp;integral de la representatividad de la mujer en la pol\u00edtica y hoy&nbsp;resulta ser que la vicepresidenta, que es la representatividad de&nbsp;las mujeres en Ecuador, ha sido echada a un lado&#8221;.<\/strong><\/em><\/p>\n\n\n\n<p><em><strong>&#8220;La Justicia en Ecuador ya est\u00e1 coacionada. Ya no tenemos&nbsp;justicia en Ecuador&#8221;,<\/strong><\/em><strong>&nbsp;insisti\u00f3 Abad,&nbsp;<\/strong>quien se cuid\u00f3 de&nbsp;pronunciarse a favor de la candidata opositora en las elecciones&nbsp;del pr\u00f3ximo 13 de abril, Luisa Gonz\u00e1lez, al aclarar que eso ser\u00eda&nbsp;un acto ilegal de parte de la Vicepresidenta.<\/p>\n\n\n\n<p>De todos modos, dej\u00f3 en claro que&nbsp;<strong>Noboa&nbsp;<\/strong>la decepcion\u00f3 y que se&nbsp;arrepinti\u00f3 de haber sido su compa\u00f1era de f\u00f3rmula.<\/p>\n","protected":false},"excerpt":{"rendered":"<p>La vicepresidenta insisti\u00f3 en que un Presidente no puede ser candidato sin tomar licencia y record\u00f3 que el mandatario la defraud\u00f3. La vicepresidenta de Ecuador,&nbsp;Ver\u00f3nica Abad, desconocida por el primer&hellip; <\/p>\n","protected":false},"author":4,"featured_media":199772,"comment_status":"closed","ping_status":"open","sticky":false,"template":"","format":"standard","meta":{"footnotes":""},"categories":[11],"tags":[],"class_list":["post-199771","post","type-post","status-publish","format-standard","has-post-thumbnail","hentry","category-internacionales"],"_links":{"self":[{"href":"https:\/\/corrientesdetarde.com\/index.php\/wp-json\/wp\/v2\/posts\/199771","targetHints":{"allow":["GET"]}}],"collection":[{"href":"https:\/\/corrientesdetarde.com\/index.php\/wp-json\/wp\/v2\/posts"}],"about":[{"href":"https:\/\/corrientesdetarde.com\/index.php\/wp-json\/wp\/v2\/types\/post"}],"author":[{"embeddable":true,"href":"https:\/\/corrientesdetarde.com\/index.php\/wp-json\/wp\/v2\/users\/4"}],"replies":[{"embeddable":true,"href":"https:\/\/corrientesdetarde.com\/index.php\/wp-json\/wp\/v2\/comments?post=199771"}],"version-history":[{"count":1,"href":"https:\/\/corrientesdetarde.com\/index.php\/wp-json\/wp\/v2\/posts\/199771\/revisions"}],"predecessor-version":[{"id":199773,"href":"https:\/\/corrientesdetarde.com\/index.php\/wp-json\/wp\/v2\/posts\/199771\/revisions\/199773"}],"wp:featuredmedia":[{"embeddable":true,"href":"https:\/\/corrientesdetarde.com\/index.php\/wp-json\/wp\/v2\/media\/199772"}],"wp:attachment":[{"href":"https:\/\/corrientesdetarde.com\/index.php\/wp-json\/wp\/v2\/media?parent=199771"}],"wp:term":[{"taxonomy":"category","embeddable":true,"href":"https:\/\/corrientesdetarde.com\/index.php\/wp-json\/wp\/v2\/categories?post=199771"},{"taxonomy":"post_tag","embeddable":true,"href":"https:\/\/corrientesdetarde.com\/index.php\/wp-json\/wp\/v2\/tags?post=199771"}],"curies":[{"name":"wp","href":"https:\/\/api.w.org\/{rel}","templated":true}]}}