{"id":199777,"date":"2025-03-31T23:14:18","date_gmt":"2025-04-01T02:14:18","guid":{"rendered":"https:\/\/corrientesdetarde.com\/?p=199777"},"modified":"2025-03-31T23:14:23","modified_gmt":"2025-04-01T02:14:23","slug":"una-intempestiva-decision-de-la-mls-deja-a-lionel-messi-desprotegido","status":"publish","type":"post","link":"https:\/\/corrientesdetarde.com\/index.php\/deportes\/una-intempestiva-decision-de-la-mls-deja-a-lionel-messi-desprotegido\/","title":{"rendered":"Una intempestiva decisi\u00f3n de la MLS deja a Lionel Messi desprotegido"},"content":{"rendered":"\n<h2 class=\"wp-block-heading\">La medida tambi\u00e9n afecta a la Concachampions, por lo que no podr\u00e1 estar al borde del campo de juego.<\/h2>\n\n\n\n<p>La&nbsp;<strong>Major League Soccer<\/strong>&nbsp;(<strong>MLS<\/strong>) tom\u00f3 una decisi\u00f3n que gener\u00f3 revuelo en el&nbsp;<strong>Inter Miami<\/strong>&nbsp;y en el entorno de&nbsp;<strong>Lionel Messi<\/strong>:&nbsp;<strong>prohibi\u00f3 el acceso al campo de juego<\/strong>&nbsp;de&nbsp;<strong>Yassine Cheuko<\/strong>, el&nbsp;<strong>guardaespaldas personal<\/strong>&nbsp;del astro argentino.<\/p>\n\n\n\n<p>La medida tambi\u00e9n se extiende a la&nbsp;<strong>Concachampions<\/strong>, lo que significa que&nbsp;<strong>el exmilitar no podr\u00e1 estar en la l\u00ednea de banda para proteger al capit\u00e1n<\/strong>&nbsp;del equipo estadounidense.<\/p>\n\n\n\n<p><strong>Cheuko<\/strong>, exmiembro de los&nbsp;<strong>Navy Seals<\/strong>&nbsp;y&nbsp;<strong>especialista en artes marciales<\/strong>, fue una figura clave desde la&nbsp;<strong>llegada de Messi a Miami<\/strong>. No solo&nbsp;<strong>lo acompa\u00f1a en su vida diaria<\/strong>, sino que tambi\u00e9n&nbsp;<strong>se encarg\u00f3 de intervenir en m\u00faltiples ocasiones<\/strong>&nbsp;cuando&nbsp;<strong>fan\u00e1ticos<\/strong>&nbsp;<strong>ingresaban al campo de juego<\/strong>&nbsp;con el objetivo de tomarse una foto con el rosarino.<\/p>\n\n\n\n<p>Sin embargo,&nbsp;<strong>la MLS decidi\u00f3 vetarlo,<\/strong>&nbsp;argumentando que&nbsp;<strong>su presencia dentro del campo no es parte del protocolo de seguridad<\/strong>&nbsp;establecido por la liga.<\/p>\n\n\n\n<p>Tras conocerse la noticia,&nbsp;<strong>Cheuko manifest\u00f3 su descontento<\/strong>&nbsp;en una entrevista con House of Highlights. \u201c<em><strong>No me quieren en el campo<\/strong><\/em>\u201d, reconoci\u00f3, dejando en claro que la prohibici\u00f3n no solucionar\u00e1 el problema de los invasores.<\/p>\n\n\n\n<p>Adem\u00e1s,&nbsp;<strong>compar\u00f3 la situaci\u00f3n con su experiencia en el f\u00fatbol europeo<\/strong>: \u201c<em><strong>Trabaj\u00e9 en Europa,&nbsp;<\/strong>en la Ligue 1 y la Champions League.&nbsp;<strong>En siete a\u00f1os vi seis invasores<\/strong>. Aqu\u00ed, llegu\u00e9 en julio de 2023 y&nbsp;<strong>en 20 meses hubo 16 invasiones<\/strong>. Es un problema real<\/em>\u201d.<\/p>\n\n\n\n<p>Pese a la restricci\u00f3n,&nbsp;<strong>se mostr\u00f3 dispuesto a colaborar con la liga<\/strong>&nbsp;para mejorar la seguridad, resaltando que su experiencia podr\u00eda ayudar a encontrar soluciones.<\/p>\n\n\n\n<h4 class=\"wp-block-heading\">\u00bfQui\u00e9n es Yassine Cheuko?<\/h4>\n\n\n\n<p>M\u00e1s all\u00e1 de su papel como protector de Messi,&nbsp;<strong>Cheuko es un excombatiente de guerra<\/strong>&nbsp;con&nbsp;<strong>experiencia en Irak y Afganist\u00e1n.<\/strong>&nbsp;Su entrenamiento militar lo llev\u00f3 a especializarse en distintas disciplinas de combate y a trabajar con entrenadores de \u00e9lite en artes marciales, como Luan Aguirre. Su&nbsp;<strong>vida privada<\/strong>&nbsp;tambi\u00e9n gan\u00f3 notoriedad en&nbsp;<strong>redes sociales<\/strong>, donde acumula m\u00e1s de&nbsp;<strong>800 mil seguidores<\/strong>&nbsp;en Instagram.<\/p>\n\n\n\n<p>Adem\u00e1s,&nbsp;<strong>fue desafiado por el creador de contenido Logan Paul<\/strong>&nbsp;a una pelea profesional, a lo que respondi\u00f3 con un mensaje directo: \u201c<em><strong>Nos vemos en el ring<\/strong><\/em>\u201d.<\/p>\n\n\n\n<p>Desde la llegada de&nbsp;<strong>Messi<\/strong>,&nbsp;<strong>Cheuko lider\u00f3 un equipo de 50 personas<\/strong>&nbsp;encargado de la seguridad del futbolista y su familia. Ahora, sin su presencia en la l\u00ednea de banda, la MLS deber\u00e1 reforzar sus protocolos para evitar nuevas invasiones.<\/p>\n\n\n\n<p>Mientras tanto, la controversia sigue abierta y muchos se preguntan si&nbsp;<strong>esta medida realmente proteger\u00e1 mejor a Messi o si solo agravar\u00e1 la situaci\u00f3n.<\/strong><\/p>\n","protected":false},"excerpt":{"rendered":"<p>La medida tambi\u00e9n afecta a la Concachampions, por lo que no podr\u00e1 estar al borde del campo de juego. La&nbsp;Major League Soccer&nbsp;(MLS) tom\u00f3 una decisi\u00f3n que gener\u00f3 revuelo en el&nbsp;Inter&hellip; <\/p>\n","protected":false},"author":4,"featured_media":199778,"comment_status":"closed","ping_status":"open","sticky":false,"template":"","format":"standard","meta":{"footnotes":""},"categories":[4],"tags":[],"class_list":["post-199777","post","type-post","status-publish","format-standard","has-post-thumbnail","hentry","category-deportes"],"_links":{"self":[{"href":"https:\/\/corrientesdetarde.com\/index.php\/wp-json\/wp\/v2\/posts\/199777","targetHints":{"allow":["GET"]}}],"collection":[{"href":"https:\/\/corrientesdetarde.com\/index.php\/wp-json\/wp\/v2\/posts"}],"about":[{"href":"https:\/\/corrientesdetarde.com\/index.php\/wp-json\/wp\/v2\/types\/post"}],"author":[{"embeddable":true,"href":"https:\/\/corrientesdetarde.com\/index.php\/wp-json\/wp\/v2\/users\/4"}],"replies":[{"embeddable":true,"href":"https:\/\/corrientesdetarde.com\/index.php\/wp-json\/wp\/v2\/comments?post=199777"}],"version-history":[{"count":1,"href":"https:\/\/corrientesdetarde.com\/index.php\/wp-json\/wp\/v2\/posts\/199777\/revisions"}],"predecessor-version":[{"id":199779,"href":"https:\/\/corrientesdetarde.com\/index.php\/wp-json\/wp\/v2\/posts\/199777\/revisions\/199779"}],"wp:featuredmedia":[{"embeddable":true,"href":"https:\/\/corrientesdetarde.com\/index.php\/wp-json\/wp\/v2\/media\/199778"}],"wp:attachment":[{"href":"https:\/\/corrientesdetarde.com\/index.php\/wp-json\/wp\/v2\/media?parent=199777"}],"wp:term":[{"taxonomy":"category","embeddable":true,"href":"https:\/\/corrientesdetarde.com\/index.php\/wp-json\/wp\/v2\/categories?post=199777"},{"taxonomy":"post_tag","embeddable":true,"href":"https:\/\/corrientesdetarde.com\/index.php\/wp-json\/wp\/v2\/tags?post=199777"}],"curies":[{"name":"wp","href":"https:\/\/api.w.org\/{rel}","templated":true}]}}