{"id":199780,"date":"2025-03-31T23:21:10","date_gmt":"2025-04-01T02:21:10","guid":{"rendered":"https:\/\/corrientesdetarde.com\/?p=199780"},"modified":"2025-03-31T23:21:13","modified_gmt":"2025-04-01T02:21:13","slug":"el-tas-fallo-a-favor-de-andres-fassi-y-suspendio-la-sancion-de-la-afa","status":"publish","type":"post","link":"https:\/\/corrientesdetarde.com\/index.php\/deportes\/el-tas-fallo-a-favor-de-andres-fassi-y-suspendio-la-sancion-de-la-afa\/","title":{"rendered":"El TAS fall\u00f3 a favor de Andr\u00e9s Fassi y suspendi\u00f3 la sanci\u00f3n de la AFA"},"content":{"rendered":"\n<h2 class=\"wp-block-heading\">Los dirigentes podr\u00e1n volver a representar al club en actos oficiales y ocupar cargos en el Comit\u00e9 Ejecutivo.<\/h2>\n\n\n\n<p>El&nbsp;<strong>Tribunal de Arbitraje Deportivo<\/strong>&nbsp;(TAS)&nbsp;<strong>fall\u00f3 a favor de Andr\u00e9s Fassi<\/strong>, presidente de&nbsp;<strong>Talleres de C\u00f3rdoba<\/strong>, y otorg\u00f3 una&nbsp;<strong>medida cautelar que suspende la sanci\u00f3n de 24 meses impuesta por&nbsp;<\/strong>la Asociaci\u00f3n del F\u00fatbol Argentino (<strong>AFA<\/strong>).<\/p>\n\n\n\n<p><strong>La resoluci\u00f3n tambi\u00e9n beneficia a Gustavo Gatti<\/strong>, vicepresidente del club cordob\u00e9s, quien hab\u00eda recibido una&nbsp;<strong>pena menor.<\/strong>&nbsp;Con esta decisi\u00f3n,&nbsp;<strong>ambos dirigentes quedan habilitados para representar al club en actos oficiales de la AFA,<\/strong>&nbsp;participar en Asambleas y&nbsp;<strong>ocupar cargos en el Comit\u00e9 Ejecutivo<\/strong>, aunque Fassi ya hab\u00eda manifestado que no tiene inter\u00e9s en presidir la entidad.<\/p>\n\n\n\n<p>El&nbsp;<strong>conflicto entre Fassi y la AFA&nbsp;<\/strong>se origin\u00f3 en octubre de 2024, luego de un esc\u00e1ndalo en los&nbsp;<strong>vestuarios del estadio Malvinas Argentinas de Mendoza<\/strong>, tras la&nbsp;<strong>eliminaci\u00f3n de Talleres ante Boca<\/strong>&nbsp;en los octavos de final de la&nbsp;<strong>Copa Argentina<\/strong>.<\/p>\n\n\n\n<p>En esa ocasi\u00f3n, el&nbsp;<strong>dirigente cordob\u00e9s increp\u00f3 al \u00e1rbitro Andr\u00e9s Merlos<\/strong>, acus\u00e1ndolo de perjudicar a su equipo.&nbsp;<strong>La AFA sancion\u00f3 a Fassi por violar el art\u00edculo 169<\/strong>&nbsp;de su reglamento, que&nbsp;<strong>proh\u00edbe la presencia de dirigentes en zonas restringidas<\/strong>, y lo responsabiliz\u00f3 de generar un&nbsp;<strong>ambiente hostil<\/strong>.<\/p>\n\n\n\n<p>La&nbsp;<strong>disputa entre Fassi y Claudio \u201cChiqui\u201d Tapia<\/strong>, presidente de la AFA, ven\u00eda de antes debido a la&nbsp;<strong>postura del titular de Talleres<\/strong>&nbsp;a favor de la&nbsp;<strong>incorporaci\u00f3n de sociedades an\u00f3nimas deportivas (SAD<\/strong>) y su oposici\u00f3n a la&nbsp;<strong>anulaci\u00f3n de los descensos<\/strong>&nbsp;en el f\u00fatbol argentino.<\/p>\n\n\n\n<p>Como parte de este enfrentamiento,&nbsp;<strong>Fassi incluso impuls\u00f3 una acci\u00f3n legal en la Inspecci\u00f3n General de Justicia<\/strong>&nbsp;para&nbsp;<strong>anular la Asamblea<\/strong>&nbsp;de octubre en la que&nbsp;<strong>Tapia fue reelecto<\/strong>. Adem\u00e1s, recibi\u00f3 un fuerte&nbsp;<strong>respaldo pol\u00edtico<\/strong>&nbsp;al reunirse con el presidente de la Naci\u00f3n,&nbsp;<strong>Javier Milei<\/strong>, impulsor de&nbsp;<strong>las Sociedades An\u00f3nimas Deportivas<\/strong>&nbsp;(SAD).<\/p>\n\n\n\n<p>El&nbsp;<strong>fallo del TAS<\/strong>&nbsp;tiene&nbsp;<strong>car\u00e1cter provisorio,<\/strong>&nbsp;por lo que la habilitaci\u00f3n de Fassi y Gatti estar\u00e1 vigente hasta que se complete la evaluaci\u00f3n del caso en Suiza. Mientras tanto, la resoluci\u00f3n representa un&nbsp;<strong>rev\u00e9s para la AFA<\/strong>, que&nbsp;<strong>hab\u00eda aplicado la sanci\u00f3n como una se\u00f1al de autoridad<\/strong>&nbsp;en medio de las&nbsp;<strong>tensiones internas del f\u00fatbol argentino<\/strong>.<\/p>\n","protected":false},"excerpt":{"rendered":"<p>Los dirigentes podr\u00e1n volver a representar al club en actos oficiales y ocupar cargos en el Comit\u00e9 Ejecutivo. El&nbsp;Tribunal de Arbitraje Deportivo&nbsp;(TAS)&nbsp;fall\u00f3 a favor de Andr\u00e9s Fassi, presidente de&nbsp;Talleres de&hellip; <\/p>\n","protected":false},"author":4,"featured_media":199781,"comment_status":"closed","ping_status":"open","sticky":false,"template":"","format":"standard","meta":{"footnotes":""},"categories":[4],"tags":[],"class_list":["post-199780","post","type-post","status-publish","format-standard","has-post-thumbnail","hentry","category-deportes"],"_links":{"self":[{"href":"https:\/\/corrientesdetarde.com\/index.php\/wp-json\/wp\/v2\/posts\/199780","targetHints":{"allow":["GET"]}}],"collection":[{"href":"https:\/\/corrientesdetarde.com\/index.php\/wp-json\/wp\/v2\/posts"}],"about":[{"href":"https:\/\/corrientesdetarde.com\/index.php\/wp-json\/wp\/v2\/types\/post"}],"author":[{"embeddable":true,"href":"https:\/\/corrientesdetarde.com\/index.php\/wp-json\/wp\/v2\/users\/4"}],"replies":[{"embeddable":true,"href":"https:\/\/corrientesdetarde.com\/index.php\/wp-json\/wp\/v2\/comments?post=199780"}],"version-history":[{"count":1,"href":"https:\/\/corrientesdetarde.com\/index.php\/wp-json\/wp\/v2\/posts\/199780\/revisions"}],"predecessor-version":[{"id":199782,"href":"https:\/\/corrientesdetarde.com\/index.php\/wp-json\/wp\/v2\/posts\/199780\/revisions\/199782"}],"wp:featuredmedia":[{"embeddable":true,"href":"https:\/\/corrientesdetarde.com\/index.php\/wp-json\/wp\/v2\/media\/199781"}],"wp:attachment":[{"href":"https:\/\/corrientesdetarde.com\/index.php\/wp-json\/wp\/v2\/media?parent=199780"}],"wp:term":[{"taxonomy":"category","embeddable":true,"href":"https:\/\/corrientesdetarde.com\/index.php\/wp-json\/wp\/v2\/categories?post=199780"},{"taxonomy":"post_tag","embeddable":true,"href":"https:\/\/corrientesdetarde.com\/index.php\/wp-json\/wp\/v2\/tags?post=199780"}],"curies":[{"name":"wp","href":"https:\/\/api.w.org\/{rel}","templated":true}]}}