{"id":199786,"date":"2025-04-01T00:04:15","date_gmt":"2025-04-01T03:04:15","guid":{"rendered":"https:\/\/corrientesdetarde.com\/?p=199786"},"modified":"2025-04-01T00:04:18","modified_gmt":"2025-04-01T03:04:18","slug":"nico-vazquez-recordo-a-su-hermano-en-el-dia-en-que-cumpliria-anos-seguimos-juntos","status":"publish","type":"post","link":"https:\/\/corrientesdetarde.com\/index.php\/espectaculos\/nico-vazquez-recordo-a-su-hermano-en-el-dia-en-que-cumpliria-anos-seguimos-juntos\/","title":{"rendered":"Nico V\u00e1zquez record\u00f3 a su hermano en el d\u00eda en que cumplir\u00eda a\u00f1os: &#8220;Seguimos juntos&#8221;"},"content":{"rendered":"\n<h2 class=\"wp-block-heading\">El actor le dedic\u00f3 un mensaje a su hermano Santiago.<\/h2>\n\n\n\n<p><em><strong>&#8220;Feliz cumple San. Seguimos juntos y as\u00ed ser\u00e1, Siempre juntos, espalda con espalda, coraz\u00f3n con coraz\u00f3n. Gracias por guiarme, cuidarme y estar con nosotros en cada momento. Te amo&#8221;<\/strong><\/em>, escribi\u00f3&nbsp;<strong>Nico V\u00e1zquez<\/strong>&nbsp;en su cuenta de Instagram para saludar a su hermano en el d\u00eda en que hubiera cumplido a\u00f1os.<\/p>\n\n\n\n<figure class=\"wp-block-image size-full\"><img loading=\"lazy\" decoding=\"async\" width=\"711\" height=\"321\" src=\"https:\/\/corrientesdetarde.com\/wp-content\/uploads\/2025\/04\/image.png\" alt=\"\" class=\"wp-image-199787\" srcset=\"https:\/\/corrientesdetarde.com\/wp-content\/uploads\/2025\/04\/image.png 711w, https:\/\/corrientesdetarde.com\/wp-content\/uploads\/2025\/04\/image-300x135.png 300w\" sizes=\"auto, (max-width: 711px) 100vw, 711px\" \/><\/figure>\n\n\n\n<p>Al mensaje lo acompa\u00f1\u00f3 con un coraz\u00f3n, pero tambi\u00e9n con un s\u00edmbolo de infinito, ya que siente su compa\u00f1\u00eda, a pesar de no tenerlo m\u00e1s f\u00edsicamente.<\/p>\n\n\n\n<p><strong>Santiago V\u00e1zquez&nbsp;<\/strong>falleci\u00f3 de&nbsp;<strong>muerte s\u00fabita<\/strong>&nbsp;el 16 de diciembre de 2016 con solo&nbsp;<strong>27 a\u00f1os<\/strong>. El hermano del actor se encontraba en Punta Cana junto a un grupo de amigos.<\/p>\n\n\n\n<figure class=\"wp-block-image size-full\"><img loading=\"lazy\" decoding=\"async\" width=\"704\" height=\"429\" src=\"https:\/\/corrientesdetarde.com\/wp-content\/uploads\/2025\/04\/image-1.png\" alt=\"\" class=\"wp-image-199788\" srcset=\"https:\/\/corrientesdetarde.com\/wp-content\/uploads\/2025\/04\/image-1.png 704w, https:\/\/corrientesdetarde.com\/wp-content\/uploads\/2025\/04\/image-1-300x183.png 300w\" sizes=\"auto, (max-width: 704px) 100vw, 704px\" \/><\/figure>\n\n\n\n<p>Cada 31 de marzo, Nico V\u00e1zquez recuerda y saluda a su hermano en redes sociales y a cambio recibe cientos de mensajes de apoyo de su p\u00fablico y de sus colegas.<\/p>\n\n\n\n<p>Actualmente, Nico V\u00e1zquez se encuentra preparando la obra teatral de \u201cRocky\u201d en la que interpretar\u00e1 al boxeador sobre el escenario.<\/p>\n\n\n\n<figure class=\"wp-block-image size-full\"><img loading=\"lazy\" decoding=\"async\" width=\"701\" height=\"426\" src=\"https:\/\/corrientesdetarde.com\/wp-content\/uploads\/2025\/04\/image-2.png\" alt=\"\" class=\"wp-image-199789\" srcset=\"https:\/\/corrientesdetarde.com\/wp-content\/uploads\/2025\/04\/image-2.png 701w, https:\/\/corrientesdetarde.com\/wp-content\/uploads\/2025\/04\/image-2-300x182.png 300w\" sizes=\"auto, (max-width: 701px) 100vw, 701px\" \/><\/figure>\n","protected":false},"excerpt":{"rendered":"<p>El actor le dedic\u00f3 un mensaje a su hermano Santiago. &#8220;Feliz cumple San. Seguimos juntos y as\u00ed ser\u00e1, Siempre juntos, espalda con espalda, coraz\u00f3n con coraz\u00f3n. Gracias por guiarme, cuidarme&hellip; <\/p>\n","protected":false},"author":4,"featured_media":199790,"comment_status":"closed","ping_status":"open","sticky":false,"template":"","format":"standard","meta":{"footnotes":""},"categories":[19],"tags":[],"class_list":["post-199786","post","type-post","status-publish","format-standard","has-post-thumbnail","hentry","category-espectaculos"],"_links":{"self":[{"href":"https:\/\/corrientesdetarde.com\/index.php\/wp-json\/wp\/v2\/posts\/199786","targetHints":{"allow":["GET"]}}],"collection":[{"href":"https:\/\/corrientesdetarde.com\/index.php\/wp-json\/wp\/v2\/posts"}],"about":[{"href":"https:\/\/corrientesdetarde.com\/index.php\/wp-json\/wp\/v2\/types\/post"}],"author":[{"embeddable":true,"href":"https:\/\/corrientesdetarde.com\/index.php\/wp-json\/wp\/v2\/users\/4"}],"replies":[{"embeddable":true,"href":"https:\/\/corrientesdetarde.com\/index.php\/wp-json\/wp\/v2\/comments?post=199786"}],"version-history":[{"count":1,"href":"https:\/\/corrientesdetarde.com\/index.php\/wp-json\/wp\/v2\/posts\/199786\/revisions"}],"predecessor-version":[{"id":199791,"href":"https:\/\/corrientesdetarde.com\/index.php\/wp-json\/wp\/v2\/posts\/199786\/revisions\/199791"}],"wp:featuredmedia":[{"embeddable":true,"href":"https:\/\/corrientesdetarde.com\/index.php\/wp-json\/wp\/v2\/media\/199790"}],"wp:attachment":[{"href":"https:\/\/corrientesdetarde.com\/index.php\/wp-json\/wp\/v2\/media?parent=199786"}],"wp:term":[{"taxonomy":"category","embeddable":true,"href":"https:\/\/corrientesdetarde.com\/index.php\/wp-json\/wp\/v2\/categories?post=199786"},{"taxonomy":"post_tag","embeddable":true,"href":"https:\/\/corrientesdetarde.com\/index.php\/wp-json\/wp\/v2\/tags?post=199786"}],"curies":[{"name":"wp","href":"https:\/\/api.w.org\/{rel}","templated":true}]}}