{"id":199792,"date":"2025-04-01T08:22:37","date_gmt":"2025-04-01T11:22:37","guid":{"rendered":"https:\/\/corrientesdetarde.com\/?p=199792"},"modified":"2025-04-01T08:22:40","modified_gmt":"2025-04-01T11:22:40","slug":"gendarmeria-secuestro-mas-de-200-celulares-de-alta-gama-en-un-camion","status":"publish","type":"post","link":"https:\/\/corrientesdetarde.com\/index.php\/policiales\/gendarmeria-secuestro-mas-de-200-celulares-de-alta-gama-en-un-camion\/","title":{"rendered":"Gendarmer\u00eda secuestr\u00f3 m\u00e1s de 200 celulares de alta gama en un cami\u00f3n"},"content":{"rendered":"\n<p>Gendarmer\u00eda Nacional inform\u00f3 que secuestr\u00f3 213 tel\u00e9fonos celulares de alta gama durante un control de rutina realizado sobre la Ruta Nacional 12, en inmediaciones de la localidad de Ituzaing\u00f3, provincia de Corrientes.<\/p>\n\n\n\n<p>&nbsp;El secuestro celulares tuvo lugar cuando los efectivos detuvieron la marcha de un cami\u00f3n procedente de la ciudad de Posadas, Misiones, que ten\u00eda como destino final la provincia de Buenos Aires. Al inspeccionar la cabina del veh\u00edculo, los uniformados hallaron numerosas cajas rectangulares, que conten\u00edan un total de 213 paquetes con dispositivos m\u00f3viles de origen extranjero.<\/p>\n\n\n\n<p>&nbsp;Seg\u00fan informaron fuentes oficiales, el hallazgo se produjo en el marco de los controles preventivos que Gendarmer\u00eda realiza en distintos puntos de las rutas nacionales con el objetivo de combatir el contrabando y otros delitos federales. La mercader\u00eda, valuada en una suma millonaria, habr\u00eda ingresado al pa\u00eds de manera ilegal, lo que motiv\u00f3 su inmediata incautaci\u00f3n.<\/p>\n\n\n\n<p>Al solicitar la documentaci\u00f3n correspondiente para justificar el ingreso legal de la mercader\u00eda al pa\u00eds, el conductor no pudo presentar los papeles requeridos. Ante esta irregularidad, los gendarmes procedieron al secuestro preventivo de los celulares y pusieron a disposici\u00f3n de la Justicia tanto la mercader\u00eda como al chofer, para dar continuidad a las diligencias judiciales pertinentes.<\/p>\n\n\n\n<p>Las autoridades contin\u00faan investigando el origen de los dispositivos y si forman parte de una red de contrabando de electr\u00f3nicos. Se espera que en los pr\u00f3ximos d\u00edas el caso avance con nuevas pericias y determinaciones judiciales.<\/p>\n","protected":false},"excerpt":{"rendered":"<p>Gendarmer\u00eda Nacional inform\u00f3 que secuestr\u00f3 213 tel\u00e9fonos celulares de alta gama durante un control de rutina realizado sobre la Ruta Nacional 12, en inmediaciones de la localidad de Ituzaing\u00f3, provincia&hellip; <\/p>\n","protected":false},"author":1,"featured_media":199801,"comment_status":"closed","ping_status":"open","sticky":false,"template":"","format":"standard","meta":{"footnotes":""},"categories":[33],"tags":[],"class_list":["post-199792","post","type-post","status-publish","format-standard","has-post-thumbnail","hentry","category-policiales"],"_links":{"self":[{"href":"https:\/\/corrientesdetarde.com\/index.php\/wp-json\/wp\/v2\/posts\/199792","targetHints":{"allow":["GET"]}}],"collection":[{"href":"https:\/\/corrientesdetarde.com\/index.php\/wp-json\/wp\/v2\/posts"}],"about":[{"href":"https:\/\/corrientesdetarde.com\/index.php\/wp-json\/wp\/v2\/types\/post"}],"author":[{"embeddable":true,"href":"https:\/\/corrientesdetarde.com\/index.php\/wp-json\/wp\/v2\/users\/1"}],"replies":[{"embeddable":true,"href":"https:\/\/corrientesdetarde.com\/index.php\/wp-json\/wp\/v2\/comments?post=199792"}],"version-history":[{"count":1,"href":"https:\/\/corrientesdetarde.com\/index.php\/wp-json\/wp\/v2\/posts\/199792\/revisions"}],"predecessor-version":[{"id":199802,"href":"https:\/\/corrientesdetarde.com\/index.php\/wp-json\/wp\/v2\/posts\/199792\/revisions\/199802"}],"wp:featuredmedia":[{"embeddable":true,"href":"https:\/\/corrientesdetarde.com\/index.php\/wp-json\/wp\/v2\/media\/199801"}],"wp:attachment":[{"href":"https:\/\/corrientesdetarde.com\/index.php\/wp-json\/wp\/v2\/media?parent=199792"}],"wp:term":[{"taxonomy":"category","embeddable":true,"href":"https:\/\/corrientesdetarde.com\/index.php\/wp-json\/wp\/v2\/categories?post=199792"},{"taxonomy":"post_tag","embeddable":true,"href":"https:\/\/corrientesdetarde.com\/index.php\/wp-json\/wp\/v2\/tags?post=199792"}],"curies":[{"name":"wp","href":"https:\/\/api.w.org\/{rel}","templated":true}]}}