{"id":199793,"date":"2025-04-01T08:15:53","date_gmt":"2025-04-01T11:15:53","guid":{"rendered":"https:\/\/corrientesdetarde.com\/?p=199793"},"modified":"2025-04-01T08:15:57","modified_gmt":"2025-04-01T11:15:57","slug":"a-los-63-anos-murio-toti-ciliberto","status":"publish","type":"post","link":"https:\/\/corrientesdetarde.com\/index.php\/espectaculos\/a-los-63-anos-murio-toti-ciliberto\/","title":{"rendered":"A los 63 a\u00f1os muri\u00f3 Toti Ciliberto"},"content":{"rendered":"\n<p>&#8220;Esta tristeza es enorme. No tengo consuelo. Hola Alto Hermano. Te vamos a extra\u00f1ar toda la vida&#8221;, expres\u00f3 su colega y amigo &#8220;Larry De Clay&#8221; en su cuenta de Instagram comunicando la triste noticia.<\/p>\n\n\n\n<p>&nbsp;<br>Entre los comentarios del posteo se lee el de Pachu Pe\u00f1a, quien tambi\u00e9n se expres\u00f3 en para despedir a Ciliberto: &#8220;Descans\u00e1 en paz Toti querido. Qu\u00e9 tristeza&#8221;.<\/p>\n\n\n\n<p>Ciliberto, nacido el 25 de mayo de 1961, comenz\u00f3 su carrera actoral en 1992 de la mano de Marcelo Tinelli en el programa Videomatch en decenas de sketch, convirti\u00e9ndose en la \u00e9poca m\u00e1s recordada de su trabajo.<\/p>\n\n\n\n<figure class=\"wp-block-embed is-type-video is-provider-youtube wp-block-embed-youtube wp-embed-aspect-16-9 wp-has-aspect-ratio\"><div class=\"wp-block-embed__wrapper\">\n<iframe loading=\"lazy\" title=\"MURI\u00d3 &quot;TOTI&quot; CILIBERTO\" width=\"1110\" height=\"624\" src=\"https:\/\/www.youtube.com\/embed\/tBXvUHuqR7Q?feature=oembed\" frameborder=\"0\" allow=\"accelerometer; autoplay; clipboard-write; encrypted-media; gyroscope; picture-in-picture; web-share\" referrerpolicy=\"strict-origin-when-cross-origin\" allowfullscreen><\/iframe>\n<\/div><\/figure>\n","protected":false},"excerpt":{"rendered":"<p>&#8220;Esta tristeza es enorme. No tengo consuelo. Hola Alto Hermano. Te vamos a extra\u00f1ar toda la vida&#8221;, expres\u00f3 su colega y amigo &#8220;Larry De Clay&#8221; en su cuenta de Instagram&hellip; <\/p>\n","protected":false},"author":1,"featured_media":199799,"comment_status":"closed","ping_status":"open","sticky":false,"template":"","format":"standard","meta":{"footnotes":""},"categories":[19],"tags":[],"class_list":["post-199793","post","type-post","status-publish","format-standard","has-post-thumbnail","hentry","category-espectaculos"],"_links":{"self":[{"href":"https:\/\/corrientesdetarde.com\/index.php\/wp-json\/wp\/v2\/posts\/199793","targetHints":{"allow":["GET"]}}],"collection":[{"href":"https:\/\/corrientesdetarde.com\/index.php\/wp-json\/wp\/v2\/posts"}],"about":[{"href":"https:\/\/corrientesdetarde.com\/index.php\/wp-json\/wp\/v2\/types\/post"}],"author":[{"embeddable":true,"href":"https:\/\/corrientesdetarde.com\/index.php\/wp-json\/wp\/v2\/users\/1"}],"replies":[{"embeddable":true,"href":"https:\/\/corrientesdetarde.com\/index.php\/wp-json\/wp\/v2\/comments?post=199793"}],"version-history":[{"count":1,"href":"https:\/\/corrientesdetarde.com\/index.php\/wp-json\/wp\/v2\/posts\/199793\/revisions"}],"predecessor-version":[{"id":199800,"href":"https:\/\/corrientesdetarde.com\/index.php\/wp-json\/wp\/v2\/posts\/199793\/revisions\/199800"}],"wp:featuredmedia":[{"embeddable":true,"href":"https:\/\/corrientesdetarde.com\/index.php\/wp-json\/wp\/v2\/media\/199799"}],"wp:attachment":[{"href":"https:\/\/corrientesdetarde.com\/index.php\/wp-json\/wp\/v2\/media?parent=199793"}],"wp:term":[{"taxonomy":"category","embeddable":true,"href":"https:\/\/corrientesdetarde.com\/index.php\/wp-json\/wp\/v2\/categories?post=199793"},{"taxonomy":"post_tag","embeddable":true,"href":"https:\/\/corrientesdetarde.com\/index.php\/wp-json\/wp\/v2\/tags?post=199793"}],"curies":[{"name":"wp","href":"https:\/\/api.w.org\/{rel}","templated":true}]}}