{"id":199794,"date":"2025-04-01T08:13:48","date_gmt":"2025-04-01T11:13:48","guid":{"rendered":"https:\/\/corrientesdetarde.com\/?p=199794"},"modified":"2025-04-01T08:13:53","modified_gmt":"2025-04-01T11:13:53","slug":"auspiciosos-resultados-evaluaron-la-diversidad-genetica-de-la-poblacion-de-yaguarete-en-ibera","status":"publish","type":"post","link":"https:\/\/corrientesdetarde.com\/index.php\/medio-ambiente\/auspiciosos-resultados-evaluaron-la-diversidad-genetica-de-la-poblacion-de-yaguarete-en-ibera\/","title":{"rendered":"Auspiciosos resultados: evaluaron la diversidad gen\u00e9tica de la poblaci\u00f3n de yaguaret\u00e9\u00a0en Iber\u00e1"},"content":{"rendered":"\n<p>La Fundaci\u00f3n Rewilding Argentina inform\u00f3 que se realiz\u00f3 el primer an\u00e1lisis de la\u00a0<strong>diversidad gen\u00e9tica de la poblaci\u00f3n de yaguaret\u00e9<\/strong>\u00a0reintroducida en los Esteros del Iber\u00e1 y los resultados son muy auspiciosos.\u00a0<\/p>\n\n\n\n<p><\/p>\n\n\n\n<p>La diversidad gen\u00e9tica est\u00e1 dada por la variabilidad de genes que porta cada uno de los individuos que constituyen la poblaci\u00f3n. Cuanto mayor es esta diversidad, la probabilidad de que aparezcan caracteres no deseados se reduce y la capacidad de adaptaci\u00f3n de la poblaci\u00f3n ante cambios ambientales aumenta. B\u00e1sicamente, una mayor diversidad gen\u00e9tica estar\u00eda garantizando una mayor probabilidad de supervivencia de esta poblaci\u00f3n a largo plazo.<\/p>\n\n\n\n<p>En los proyectos de reintroducci\u00f3n el n\u00famero de individuos de la poblaci\u00f3n inicial o fundadora suele ser bajo, por lo que monitorear la diversidad gen\u00e9tica puede resultar clave. En el caso de la poblaci\u00f3n de yaguaret\u00e9s reintroducida en Iber\u00e1,<strong>&nbsp;un grupo de expertos de Brasil liderado por el doctor Eduardo Eizirik, llev\u00f3 adelante este estudio.<\/strong><\/p>\n\n\n\n<p>El doctor es el mayor experto mundial en gen\u00e9tica de yaguaret\u00e9 y seg\u00fan sus palabras \u201cla\u00a0<strong>secuenciaci\u00f3n del genoma completo (la totalidad de los genes) proporciona el m\u00e1ximo nivel de informaci\u00f3n gen\u00e9tica<\/strong>\u00a0para investigar procesos a nivel de poblaci\u00f3n, para evaluar los resultados del proyecto y para tomar \u00a0decisiones de gesti\u00f3n informadas&#8221;.<\/p>\n\n\n\n<p>Para poder secuenciar el genoma completo&nbsp;<strong>se tomaron muestras de sangre de todos los individuos fundadores y sus primeros descendientes<\/strong>. Eizirik tambi\u00e9n remarca que \u201ca partir de este proyecto, el yaguaret\u00e9 est\u00e1 entre los primeros felinos salvajes en los que se est\u00e1 utilizando este enfoque, y el Proyecto Iber\u00e1 es el primer proyecto de reintroducci\u00f3n en el que se generar\u00e1n y analizar\u00e1n secuencias del genoma completo de todos los individuos disponibles\u201d.<\/p>\n\n\n\n<p>Para Sebasti\u00e1n Di Martino, director de conservaci\u00f3n de la Fundaci\u00f3n Rewilding Argentina,&nbsp;<strong>los resultados obtenidos hasta el momento resultan sumamente auspiciosos.<\/strong>&nbsp;\u201cEstamos generando informaci\u00f3n sin precedente que indica que los individuos de Iber\u00e1 presentan niveles similares de diversidad gen\u00f3mica a los muestreados en poblaciones brasile\u00f1as sanas como las que habitan en el Amazonas\u201d, dijo.<\/p>\n\n\n\n<p>En este sentido, el punto de partida desde el punto de vista gen\u00e9tico de la&nbsp;<strong>poblaci\u00f3n reintroducida en Iber\u00e1 no podr\u00eda ser mejor.<\/strong><\/p>\n\n\n\n<figure class=\"wp-block-image\"><img decoding=\"async\" src=\"https:\/\/pxcdn.ellitoral.com.ar\/litoral\/032025\/1743456292473.jpg?cw=807\" alt=\"Auspiciosos resultados: evaluaron la diversidad gen\u00e9tica de la poblaci\u00f3n de yaguaret\u00e9\u00a0en Iber\u00e1\" title=\"Auspiciosos resultados: evaluaron la diversidad gen\u00e9tica de la poblaci\u00f3n de yaguaret\u00e9\u00a0en Iber\u00e1-\"\/><\/figure>\n\n\n\n<p>Cristian Larsen, presidente de Parques Nacionales, organizaci\u00f3n tambi\u00e9n ejecutora del proyecto, se\u00f1al\u00f3 que \u201cla informaci\u00f3n gen\u00e9tica de la poblaci\u00f3n reintroducida en Iber\u00e1 nos indica que estamos ejecutando un proyecto de alta calidad y rigurosidad; vamos a continuar monitoreando este patr\u00f3n durante las pr\u00f3ximas generaciones para asegurarnos que seguimos en el buen camino\u201d.<\/p>\n\n\n\n<p>Por \u00faltimo el gobernador de Corrientes, Gustavo Vald\u00e9s, resalt\u00f3 que \u201cel proyecto de reintroducci\u00f3n de especies que iniciamos en Iber\u00e1 y que incluye al yaguaret\u00e9, contin\u00faa siendo un orgullo para los correntinos; hemos logrado dinamizar econ\u00f3micamente a esa regi\u00f3n tan ic\u00f3nica de nuestra provincia a la par que utilizamos tecnolog\u00eda y ciencia que nos siguen colocando a la vanguardia en este tipo de proyectos\u201d.<\/p>\n","protected":false},"excerpt":{"rendered":"<p>La Fundaci\u00f3n Rewilding Argentina inform\u00f3 que se realiz\u00f3 el primer an\u00e1lisis de la\u00a0diversidad gen\u00e9tica de la poblaci\u00f3n de yaguaret\u00e9\u00a0reintroducida en los Esteros del Iber\u00e1 y los resultados son muy auspiciosos.\u00a0&hellip; <\/p>\n","protected":false},"author":1,"featured_media":199796,"comment_status":"closed","ping_status":"open","sticky":false,"template":"","format":"standard","meta":{"footnotes":""},"categories":[6],"tags":[],"class_list":["post-199794","post","type-post","status-publish","format-standard","has-post-thumbnail","hentry","category-medio-ambiente"],"_links":{"self":[{"href":"https:\/\/corrientesdetarde.com\/index.php\/wp-json\/wp\/v2\/posts\/199794","targetHints":{"allow":["GET"]}}],"collection":[{"href":"https:\/\/corrientesdetarde.com\/index.php\/wp-json\/wp\/v2\/posts"}],"about":[{"href":"https:\/\/corrientesdetarde.com\/index.php\/wp-json\/wp\/v2\/types\/post"}],"author":[{"embeddable":true,"href":"https:\/\/corrientesdetarde.com\/index.php\/wp-json\/wp\/v2\/users\/1"}],"replies":[{"embeddable":true,"href":"https:\/\/corrientesdetarde.com\/index.php\/wp-json\/wp\/v2\/comments?post=199794"}],"version-history":[{"count":1,"href":"https:\/\/corrientesdetarde.com\/index.php\/wp-json\/wp\/v2\/posts\/199794\/revisions"}],"predecessor-version":[{"id":199797,"href":"https:\/\/corrientesdetarde.com\/index.php\/wp-json\/wp\/v2\/posts\/199794\/revisions\/199797"}],"wp:featuredmedia":[{"embeddable":true,"href":"https:\/\/corrientesdetarde.com\/index.php\/wp-json\/wp\/v2\/media\/199796"}],"wp:attachment":[{"href":"https:\/\/corrientesdetarde.com\/index.php\/wp-json\/wp\/v2\/media?parent=199794"}],"wp:term":[{"taxonomy":"category","embeddable":true,"href":"https:\/\/corrientesdetarde.com\/index.php\/wp-json\/wp\/v2\/categories?post=199794"},{"taxonomy":"post_tag","embeddable":true,"href":"https:\/\/corrientesdetarde.com\/index.php\/wp-json\/wp\/v2\/tags?post=199794"}],"curies":[{"name":"wp","href":"https:\/\/api.w.org\/{rel}","templated":true}]}}