{"id":199808,"date":"2025-04-01T08:58:13","date_gmt":"2025-04-01T11:58:13","guid":{"rendered":"https:\/\/corrientesdetarde.com\/?p=199808"},"modified":"2025-04-01T08:58:16","modified_gmt":"2025-04-01T11:58:16","slug":"entre-arrepentidos-y-desilusionados-el-segmento-que-explica-la-caida-en-la-imagen-de-javier-milei","status":"publish","type":"post","link":"https:\/\/corrientesdetarde.com\/index.php\/politica\/entre-arrepentidos-y-desilusionados-el-segmento-que-explica-la-caida-en-la-imagen-de-javier-milei\/","title":{"rendered":"ENTRE ARREPENTIDOS Y DESILUSIONADOS: EL SEGMENTO QUE EXPLICA LA CA\u00cdDA EN LA IMAGEN DE JAVIER MILEI"},"content":{"rendered":"\n<p>(Corresponsal\u00eda Buenos Aires) &#8211; En el programa &#8220;Soy Casta&#8221;, emitido por Bravo TV, se debati\u00f3 sobre la relaci\u00f3n entre la credibilidad del ministro de Econom\u00eda, Luis Caputo, y el apoyo actual al Gobierno de Javier Milei. En un contexto de volatilidad financiera y una leve baja en el \u00edndice de pobreza, las periodistas del ciclo analizaron la coyuntura junto a la consultora pol\u00edtica Anal\u00eda del Franco.<\/p>\n\n\n\n<p>&#8220;No hay una ca\u00edda en picada del respaldo gubernamental, pero la situaci\u00f3n es cr\u00edtica y se perciben signos de descontento&#8221;, afirm\u00f3 Del Franco. Seg\u00fan su an\u00e1lisis, dentro de los 15 puntos de imagen positiva que perdi\u00f3 Milei existen dos grupos diferenciados: uno, compuesto por j\u00f3venes de entre 18 y 30 a\u00f1os que est\u00e1n arrepentidos de haberlo votado; y otro, de entre 30 y 45, que a pesar de su desilusi\u00f3n, contin\u00faan apostando por el Gobierno. &#8220;Este segmento est\u00e1 mayormente integrado por sectores bajos y medio-bajos de la provincia de Buenos Aires&#8221;, agreg\u00f3 la analista.<\/p>\n\n\n\n<p>Del Franco tambi\u00e9n puso en perspectiva los n\u00fameros: &#8220;Es clave entender qu\u00e9 buscaron los votantes al elegir a La Libertad Avanza (LLA): compraron una revoluci\u00f3n, un resurgimiento&#8221;. En la misma l\u00ednea, la conductora Carmela B\u00e1rbaro se\u00f1al\u00f3 que &#8220;votar a Milei fue un acto de rebeld\u00eda&#8221;, a lo que Del Franco sum\u00f3 el peso del factor &#8220;castigo a la casta&#8221;.<\/p>\n\n\n\n<p>Sin embargo, la analista tambi\u00e9n se\u00f1al\u00f3 los puntos que los votantes no compraron: &#8220;No est\u00e1n de acuerdo con la eliminaci\u00f3n total del Estado. De hecho, muchos utilizan la educaci\u00f3n y la salud p\u00fablica&#8221;. Adem\u00e1s, destac\u00f3 que &#8220;el autoritarismo de Milei y sus malos modales generan mucho rechazo&#8221;.<\/p>\n\n\n\n<p>En otro tramo del debate, B\u00e1rbaro reflexion\u00f3 sobre la credibilidad del ministro de Econom\u00eda, Luis Caputo. Micaela Kamien aport\u00f3 que &#8220;se trata de un funcionario que ya perdi\u00f3 legitimidad, aunque a\u00fan se lo consulta, pero sin creer en sus afirmaciones&#8221;.<\/p>\n\n\n\n<p>Finalmente, Del Franco analiz\u00f3 la fragmentaci\u00f3n de la oposici\u00f3n: &#8220;El peronismo no atraviesa su mejor momento, pero si Axel Kicillof y Cristina Kirchner estuviesen alineados, ser\u00edan altamente competitivos frente a La Libertad Avanza&#8221;.<\/p>\n","protected":false},"excerpt":{"rendered":"<p>(Corresponsal\u00eda Buenos Aires) &#8211; En el programa &#8220;Soy Casta&#8221;, emitido por Bravo TV, se debati\u00f3 sobre la relaci\u00f3n entre la credibilidad del ministro de Econom\u00eda, Luis Caputo, y el apoyo&hellip; <\/p>\n","protected":false},"author":11,"featured_media":199809,"comment_status":"closed","ping_status":"open","sticky":false,"template":"","format":"standard","meta":{"footnotes":""},"categories":[3],"tags":[],"class_list":["post-199808","post","type-post","status-publish","format-standard","has-post-thumbnail","hentry","category-politica"],"_links":{"self":[{"href":"https:\/\/corrientesdetarde.com\/index.php\/wp-json\/wp\/v2\/posts\/199808","targetHints":{"allow":["GET"]}}],"collection":[{"href":"https:\/\/corrientesdetarde.com\/index.php\/wp-json\/wp\/v2\/posts"}],"about":[{"href":"https:\/\/corrientesdetarde.com\/index.php\/wp-json\/wp\/v2\/types\/post"}],"author":[{"embeddable":true,"href":"https:\/\/corrientesdetarde.com\/index.php\/wp-json\/wp\/v2\/users\/11"}],"replies":[{"embeddable":true,"href":"https:\/\/corrientesdetarde.com\/index.php\/wp-json\/wp\/v2\/comments?post=199808"}],"version-history":[{"count":1,"href":"https:\/\/corrientesdetarde.com\/index.php\/wp-json\/wp\/v2\/posts\/199808\/revisions"}],"predecessor-version":[{"id":199810,"href":"https:\/\/corrientesdetarde.com\/index.php\/wp-json\/wp\/v2\/posts\/199808\/revisions\/199810"}],"wp:featuredmedia":[{"embeddable":true,"href":"https:\/\/corrientesdetarde.com\/index.php\/wp-json\/wp\/v2\/media\/199809"}],"wp:attachment":[{"href":"https:\/\/corrientesdetarde.com\/index.php\/wp-json\/wp\/v2\/media?parent=199808"}],"wp:term":[{"taxonomy":"category","embeddable":true,"href":"https:\/\/corrientesdetarde.com\/index.php\/wp-json\/wp\/v2\/categories?post=199808"},{"taxonomy":"post_tag","embeddable":true,"href":"https:\/\/corrientesdetarde.com\/index.php\/wp-json\/wp\/v2\/tags?post=199808"}],"curies":[{"name":"wp","href":"https:\/\/api.w.org\/{rel}","templated":true}]}}