{"id":199811,"date":"2025-04-01T09:04:11","date_gmt":"2025-04-01T12:04:11","guid":{"rendered":"https:\/\/corrientesdetarde.com\/?p=199811"},"modified":"2025-04-01T09:04:15","modified_gmt":"2025-04-01T12:04:15","slug":"arranca-la-copa-libertadores-y-sudamericana-los-equipos-argentinos-van-por-la-gloria","status":"publish","type":"post","link":"https:\/\/corrientesdetarde.com\/index.php\/deportes\/arranca-la-copa-libertadores-y-sudamericana-los-equipos-argentinos-van-por-la-gloria\/","title":{"rendered":"ARRANCA LA COPA LIBERTADORES Y SUDAMERICANA: LOS EQUIPOS ARGENTINOS VAN POR LA GLORIA"},"content":{"rendered":"\n<p>(Coco Ram\u00f3n) &#8211; Doce equipos del f\u00fatbol argentino inician su camino en las competiciones continentales esta semana. River debuta en Per\u00fa, Racing enfrenta una dura prueba en Brasil e Independiente viaja a la altura de Bolivia.<\/p>\n\n\n\n<figure class=\"wp-block-embed is-type-video is-provider-youtube wp-block-embed-youtube wp-embed-aspect-16-9 wp-has-aspect-ratio\"><div class=\"wp-block-embed__wrapper\">\n<iframe loading=\"lazy\" title=\"Arrancan los equipos argentinos en las copas\" width=\"1110\" height=\"624\" src=\"https:\/\/www.youtube.com\/embed\/DV6TLEcmUQA?feature=oembed\" frameborder=\"0\" allow=\"accelerometer; autoplay; clipboard-write; encrypted-media; gyroscope; picture-in-picture; web-share\" referrerpolicy=\"strict-origin-when-cross-origin\" allowfullscreen><\/iframe>\n<\/div><\/figure>\n\n\n\n<p><strong>LOS ARGENTINOS EN LA LIBERTADORES: UN ARRANQUE DESAFIANTE<\/strong><\/p>\n\n\n\n<p>Estudiantes de La Plata ser\u00e1 el primero en salir a la cancha. Como campe\u00f3n de la Copa de la Liga Profesional 2024, el &#8220;Pincha&#8221; debutar\u00e1 este martes a las 19 contra Carabobo FC en Venezuela por el Grupo A.<\/p>\n\n\n\n<p>M\u00e1s tarde, Racing Club, vigente campe\u00f3n de la Copa Sudamericana y la Recopa, visitar\u00e1 a Fortaleza en Brasil por el Grupo E, a partir de las 21.30. El equipo de Gustavo Costas buscar\u00e1 dejar atr\u00e1s su reciente derrota en el torneo local.<\/p>\n\n\n\n<p>El mi\u00e9rcoles, a las 19, ser\u00e1 el turno de V\u00e9lez Sarsfield, que debutar\u00e1 con Guillermo Barros Schelotto en el banco ante Pe\u00f1arol en el estadio Jos\u00e9 Amalfitani por el Grupo H.<\/p>\n\n\n\n<p>Ese mismo d\u00eda, River Plate volver\u00e1 a la Libertadores enfrentando a Universitario de Per\u00fa en Lima, a las 21.30, en su estreno en el Grupo B. Simult\u00e1neamente, Talleres de C\u00f3rdoba recibir\u00e1 a San Pablo en el Grupo D, con la esperanza de comenzar con el pie derecho en su estadio.<\/p>\n\n\n\n<p>El jueves, Central C\u00f3rdoba de Santiago del Estero har\u00e1 historia con su primera participaci\u00f3n en la Copa Libertadores. Como campe\u00f3n de la Copa Argentina, recibir\u00e1 a Liga de Quito en el estadio Alfredo Terrera a las 19, por el Grupo C.<\/p>\n\n\n\n<p><strong>LOS EQUIPOS ARGENTINOS EN LA SUDAMERICANA: DESAF\u00cdOS Y GRANDES ASPIRACIONES<\/strong><\/p>\n\n\n\n<p>Independiente regresar\u00e1 a la Copa Sudamericana tras tres a\u00f1os y tendr\u00e1 un desaf\u00edo complicado: enfrentar\u00e1 a Nacional Potos\u00ed en Bolivia, a 3885 metros de altura, este martes a las 19 por el Grupo A.<\/p>\n\n\n\n<p>A la misma hora, Uni\u00f3n de Santa Fe, con el Kily Gonz\u00e1lez en la cuerda floja, se medir\u00e1 con Cruzeiro, subcampe\u00f3n del torneo pasado, en un duro choque del Grupo E.<\/p>\n\n\n\n<p>El mi\u00e9rcoles, Hurac\u00e1n tendr\u00e1 un reto may\u00fasculo cuando visite a Corinthians, flamante campe\u00f3n paulista, en Brasil. El duelo del Grupo C comenzar\u00e1 a las 19. En tanto, Godoy Cruz viajar\u00e1 a Per\u00fa para enfrentar a Atl\u00e9tico Grau a las 23, dentro del Grupo D, con la necesidad de recuperarse tras su \u00faltima derrota en el torneo local.<\/p>\n\n\n\n<p>El jueves 3 de abril cerrar\u00e1n la primera semana de competencia Lan\u00fas y Defensa y Justicia. El &#8220;Granate&#8221; jugar\u00e1 contra Puerto Cabello en Venezuela a las 19 por el Grupo G, mientras que el &#8220;Halc\u00f3n&#8221; visitar\u00e1 a Cerro Largo en Uruguay a las 21.30 por el Grupo B.<\/p>\n\n\n\n<p>Con la ilusi\u00f3n renovada y el sue\u00f1o de la gloria internacional, los equipos argentinos inician su traves\u00eda en los torneos continentales.<\/p>\n","protected":false},"excerpt":{"rendered":"<p>(Coco Ram\u00f3n) &#8211; Doce equipos del f\u00fatbol argentino inician su camino en las competiciones continentales esta semana. River debuta en Per\u00fa, Racing enfrenta una dura prueba en Brasil e Independiente&hellip; <\/p>\n","protected":false},"author":11,"featured_media":199812,"comment_status":"closed","ping_status":"open","sticky":false,"template":"","format":"standard","meta":{"footnotes":""},"categories":[4],"tags":[],"class_list":["post-199811","post","type-post","status-publish","format-standard","has-post-thumbnail","hentry","category-deportes"],"_links":{"self":[{"href":"https:\/\/corrientesdetarde.com\/index.php\/wp-json\/wp\/v2\/posts\/199811","targetHints":{"allow":["GET"]}}],"collection":[{"href":"https:\/\/corrientesdetarde.com\/index.php\/wp-json\/wp\/v2\/posts"}],"about":[{"href":"https:\/\/corrientesdetarde.com\/index.php\/wp-json\/wp\/v2\/types\/post"}],"author":[{"embeddable":true,"href":"https:\/\/corrientesdetarde.com\/index.php\/wp-json\/wp\/v2\/users\/11"}],"replies":[{"embeddable":true,"href":"https:\/\/corrientesdetarde.com\/index.php\/wp-json\/wp\/v2\/comments?post=199811"}],"version-history":[{"count":1,"href":"https:\/\/corrientesdetarde.com\/index.php\/wp-json\/wp\/v2\/posts\/199811\/revisions"}],"predecessor-version":[{"id":199813,"href":"https:\/\/corrientesdetarde.com\/index.php\/wp-json\/wp\/v2\/posts\/199811\/revisions\/199813"}],"wp:featuredmedia":[{"embeddable":true,"href":"https:\/\/corrientesdetarde.com\/index.php\/wp-json\/wp\/v2\/media\/199812"}],"wp:attachment":[{"href":"https:\/\/corrientesdetarde.com\/index.php\/wp-json\/wp\/v2\/media?parent=199811"}],"wp:term":[{"taxonomy":"category","embeddable":true,"href":"https:\/\/corrientesdetarde.com\/index.php\/wp-json\/wp\/v2\/categories?post=199811"},{"taxonomy":"post_tag","embeddable":true,"href":"https:\/\/corrientesdetarde.com\/index.php\/wp-json\/wp\/v2\/tags?post=199811"}],"curies":[{"name":"wp","href":"https:\/\/api.w.org\/{rel}","templated":true}]}}