{"id":199842,"date":"2025-04-01T13:18:12","date_gmt":"2025-04-01T16:18:12","guid":{"rendered":"https:\/\/corrientesdetarde.com\/?p=199842"},"modified":"2025-04-01T13:18:16","modified_gmt":"2025-04-01T16:18:16","slug":"las-oficinas-comerciales-de-la-dpec-capital-no-atenderan-por-el-feriado-de-la-fundacion-de-la-ciudad","status":"publish","type":"post","link":"https:\/\/corrientesdetarde.com\/index.php\/informacion-general\/las-oficinas-comerciales-de-la-dpec-capital-no-atenderan-por-el-feriado-de-la-fundacion-de-la-ciudad\/","title":{"rendered":"Las oficinas comerciales de la DPEC Capital no atender\u00e1n por el feriado de la fundaci\u00f3n de la ciudad"},"content":{"rendered":"\n<p>La Direcci\u00f3n Provincial de Energ\u00eda de Corrientes (DPEC) informa que&nbsp;este jueves 03 de abril, por el feriado en conmemoraci\u00f3n de la fundaci\u00f3n de la ciudad de Corrientes,&nbsp;las oficinas comerciales&nbsp;de la DPEC en&nbsp;Capital&nbsp;permanecer\u00e1n cerradas.<\/p>\n\n\n\n<p>En relaci\u00f3n al servicio recordamos a nuestros usuarios que pueden realizar tr\u00e1mites o concretar diferentes gestiones ingresando a nuestra web oficial (<a href=\"https:\/\/4ue34.r.sp1-brevo.net\/mk\/cl\/f\/sh\/6rqJfgq8dINmNvd2HB7mP7OK8Ju\/nU0zvqJ6_rRl\" rel=\"noreferrer noopener\" target=\"_blank\">www.dpec.com.ar<\/a>) para utilizar el servicio de&nbsp;Autogesti\u00f3n, mediante \u00e9l se pueden obtener facturas, abonarlas en cualquiera de los medios habilitados, conocer el consumo realizado, realizar consultas, reclamos, entre otras gestiones comerciales.<br>Por otro lado, tambi\u00e9n est\u00e1 disponible el&nbsp;ChatBot&nbsp;para la asistencia virtual de los usuarios y por \u00faltimo se recuerda que se pueden realizar reclamos t\u00e9cnicos al Whatsapp&nbsp;3795-389298&nbsp;o a trav\u00e9s de la Guardia de Reclamos (0800-555-3732) que funciona las 24 horas todos los d\u00edas.<\/p>\n","protected":false},"excerpt":{"rendered":"<p>La Direcci\u00f3n Provincial de Energ\u00eda de Corrientes (DPEC) informa que&nbsp;este jueves 03 de abril, por el feriado en conmemoraci\u00f3n de la fundaci\u00f3n de la ciudad de Corrientes,&nbsp;las oficinas comerciales&nbsp;de la&hellip; <\/p>\n","protected":false},"author":8,"featured_media":199843,"comment_status":"closed","ping_status":"open","sticky":false,"template":"","format":"standard","meta":{"footnotes":""},"categories":[26,1],"tags":[],"class_list":["post-199842","post","type-post","status-publish","format-standard","has-post-thumbnail","hentry","category-destacados","category-informacion-general"],"_links":{"self":[{"href":"https:\/\/corrientesdetarde.com\/index.php\/wp-json\/wp\/v2\/posts\/199842","targetHints":{"allow":["GET"]}}],"collection":[{"href":"https:\/\/corrientesdetarde.com\/index.php\/wp-json\/wp\/v2\/posts"}],"about":[{"href":"https:\/\/corrientesdetarde.com\/index.php\/wp-json\/wp\/v2\/types\/post"}],"author":[{"embeddable":true,"href":"https:\/\/corrientesdetarde.com\/index.php\/wp-json\/wp\/v2\/users\/8"}],"replies":[{"embeddable":true,"href":"https:\/\/corrientesdetarde.com\/index.php\/wp-json\/wp\/v2\/comments?post=199842"}],"version-history":[{"count":1,"href":"https:\/\/corrientesdetarde.com\/index.php\/wp-json\/wp\/v2\/posts\/199842\/revisions"}],"predecessor-version":[{"id":199844,"href":"https:\/\/corrientesdetarde.com\/index.php\/wp-json\/wp\/v2\/posts\/199842\/revisions\/199844"}],"wp:featuredmedia":[{"embeddable":true,"href":"https:\/\/corrientesdetarde.com\/index.php\/wp-json\/wp\/v2\/media\/199843"}],"wp:attachment":[{"href":"https:\/\/corrientesdetarde.com\/index.php\/wp-json\/wp\/v2\/media?parent=199842"}],"wp:term":[{"taxonomy":"category","embeddable":true,"href":"https:\/\/corrientesdetarde.com\/index.php\/wp-json\/wp\/v2\/categories?post=199842"},{"taxonomy":"post_tag","embeddable":true,"href":"https:\/\/corrientesdetarde.com\/index.php\/wp-json\/wp\/v2\/tags?post=199842"}],"curies":[{"name":"wp","href":"https:\/\/api.w.org\/{rel}","templated":true}]}}