{"id":199845,"date":"2025-04-01T13:22:20","date_gmt":"2025-04-01T16:22:20","guid":{"rendered":"https:\/\/corrientesdetarde.com\/?p=199845"},"modified":"2025-04-01T13:22:24","modified_gmt":"2025-04-01T16:22:24","slug":"werthein-se-reune-con-el-canciller-de-trump-busca-una-visita-de-milei-y-avanzar-en-un-acuerdo-comercial","status":"publish","type":"post","link":"https:\/\/corrientesdetarde.com\/index.php\/politica\/werthein-se-reune-con-el-canciller-de-trump-busca-una-visita-de-milei-y-avanzar-en-un-acuerdo-comercial\/","title":{"rendered":"Werthein se re\u00fane con el canciller de Trump: busca una visita de Milei y avanzar en un acuerdo comercial"},"content":{"rendered":"\n<p>El Presidente quiere concretar una visita oficial a la Casa Blanca. Sin tratado de libre comercio, la Canciller\u00eda impulsar\u00e1 preferencias arancelarias de Estados Unidos.<a href=\"https:\/\/tn.com.ar\/autor\/gbanez\/\"><\/a><\/p>\n\n\n\n<p>Con el foco puesto en afianzar la cercan\u00eda pol\u00edtica y\u00a0explorar nuevos canales de cooperaci\u00f3n comercial, el canciller\u00a0<strong>Gerardo Werthein, se re\u00fane con el secretario de Estado norteamericano, Marco Rubio<\/strong>. Este encuentro es el plato fuerte de la gira del funcionario argentino por Washington, que comenz\u00f3 el jueves de la semana pasada.<\/p>\n\n\n\n<p>La reuni\u00f3n entre ambos se da en un contexto de fuerte turbulencia internacional por las promesas de Donald Trump de comenzar a aplicar definitivamente los paquetes de aranceles que viene anunciando desde su regreso a la Casa Blanca. El presidente norteamericano prometi\u00f3 que entrar\u00e1n en vigencia ma\u00f1ana,&nbsp;<strong>en lo que llam\u00f3 \u201cel d\u00eda de la liberaci\u00f3n\u201d.<\/strong><\/p>\n\n\n\n<p><strong>Las bolsas globales abrieron la semana a la baja&nbsp;<\/strong>y los principales socios comerciales de Estados Unidos ya se preparan -tal como amenazaron- con aplicar aranceles a los productos americanos como respuesta a la decisi\u00f3n del republicano. El mayor temor de los analistas es que este shock produzca&nbsp;<strong>una recesi\u00f3n en la principal econom\u00eda del mundo<\/strong>&nbsp;y una reconfiguraci\u00f3n global con final incierto.<\/p>\n\n\n\n<p>En principio,\u00a0<strong>la Argentina ser\u00eda alcanzada por los aranceles\u00a0impuestos sobre el acero y el aluminio<\/strong>. El propio Werthein reconoci\u00f3 la semana pasada, antes de emprender su viaje a Washington, que no habr\u00eda un pedido expreso a Marco Rubio para buscar una excepci\u00f3n, aunque el equipo comercial de la Argentina buscar\u00e1 entablar negociaciones para que ello suceda y no implique un impacto a la producci\u00f3n local del sector.<\/p>\n\n\n\n<figure class=\"wp-block-image\"><img decoding=\"async\" src=\"https:\/\/tn.com.ar\/resizer\/v2\/la-argentina-busca-replicar-la-foto-de-donald-trump-con-javier-milei-pero-en-la-casa-blanca-foto-x-madorni-AXVYJ34W7RC2NNEGR2SAVPSOAA.png?auth=6639b178e44df7853271f775b773cea459a5967ac83bc00aebda9a44a3b263f9&amp;width=767\" alt=\"La Argentina busca replicar la foto de Donald Trump con Javier Milei, pero en la Casa Blanca. (Foto: X \/ madorni))\"\/><\/figure>\n\n\n\n<p>En la misma l\u00ednea, y tal como anunci\u00f3 el Ministerio de Relaciones Exteriores y Culto, en la gira del canciller argentino tambi\u00e9n se incluye una reuni\u00f3n con el Representante Comercial de Estados Unidos (USTR),&nbsp;<strong>Jamieson Greer<\/strong>. M\u00e1s all\u00e1 de los gestos pol\u00edticos,&nbsp;<strong>la agenda comercial es clave para Javier Milei&nbsp;<\/strong>y la Casa Rosada busca mostrar resultados en ese sentido.<\/p>\n\n\n\n<p>Tal como adelant\u00f3\u00a0\u00a0la semana pasada, el\u00a0<strong>Gobierno nacional pr\u00e1cticamente descarta la posibilidad de alcanzar un acuerdo de libre comercio con Estados Unidos\u00a0<\/strong>por las complejidades con el Mercosur, la balanza comercial bilateral y la renegociaci\u00f3n que requerir\u00eda en el tratado con la Uni\u00f3n Europea.<\/p>\n\n\n\n<p>En cambio, Werthein y el equipo econ\u00f3mico&nbsp;<strong>buscan negociar preferencias arancelarias<\/strong>&nbsp;para ampliar los productos de exportaci\u00f3n argentina, atraer inversores norteamericanas y dinamizar un v\u00ednculo comercial que, entienden en la Argentina, puede ampliarse. Estos acuerdos no necesitar\u00edan pasar por el Congreso nacional, como s\u00ed el acuerdo de libre comercio.<\/p>\n\n\n\n<p>En este contexto,&nbsp;<strong>est\u00e1 sobre la mesa la posibilidad de que Javier Milei viaje a Washington&nbsp;<\/strong>para reunirse con Donald Trump en la Casa Blanca. Hasta el momento los encuentros entre ambos se dios en el marco de cumbres o eventos privados.<\/p>\n\n\n\n<p>El canciller argentino pretende concretar una visita oficial con la respectiva foto en el Sal\u00f3n Oval.&nbsp;<strong>Ser\u00eda la coronaci\u00f3n del acercamiento pol\u00edtico entre ambos mandatarios.<\/strong>&nbsp;En sus primeros meses de administraci\u00f3n, Trump no recibi\u00f3 a ning\u00fan latinoamericano y no hay anuncio oficial de que as\u00ed suceda.<\/p>\n\n\n\n<p>Como cualquier otro presidente norteamericano, pese a la cercan\u00eda presidencial y de los principales funcionarios de gobierno -como Elon Musk-, la agenda del republicano es bien intensa y cuenta con compromisos prioritarios para Trump: resolver la invasi\u00f3n de Rusia a Ucrania, la guerra en Medio Oriente y su cruzada arancelaria. Entre medio,&nbsp;<strong>Werthein intentar\u00e1 colar la reuni\u00f3n con Milei.<\/strong><\/p>\n","protected":false},"excerpt":{"rendered":"<p>El Presidente quiere concretar una visita oficial a la Casa Blanca. Sin tratado de libre comercio, la Canciller\u00eda impulsar\u00e1 preferencias arancelarias de Estados Unidos. Con el foco puesto en afianzar&hellip; <\/p>\n","protected":false},"author":8,"featured_media":199846,"comment_status":"closed","ping_status":"open","sticky":false,"template":"","format":"standard","meta":{"footnotes":""},"categories":[3],"tags":[],"class_list":["post-199845","post","type-post","status-publish","format-standard","has-post-thumbnail","hentry","category-politica"],"_links":{"self":[{"href":"https:\/\/corrientesdetarde.com\/index.php\/wp-json\/wp\/v2\/posts\/199845","targetHints":{"allow":["GET"]}}],"collection":[{"href":"https:\/\/corrientesdetarde.com\/index.php\/wp-json\/wp\/v2\/posts"}],"about":[{"href":"https:\/\/corrientesdetarde.com\/index.php\/wp-json\/wp\/v2\/types\/post"}],"author":[{"embeddable":true,"href":"https:\/\/corrientesdetarde.com\/index.php\/wp-json\/wp\/v2\/users\/8"}],"replies":[{"embeddable":true,"href":"https:\/\/corrientesdetarde.com\/index.php\/wp-json\/wp\/v2\/comments?post=199845"}],"version-history":[{"count":1,"href":"https:\/\/corrientesdetarde.com\/index.php\/wp-json\/wp\/v2\/posts\/199845\/revisions"}],"predecessor-version":[{"id":199847,"href":"https:\/\/corrientesdetarde.com\/index.php\/wp-json\/wp\/v2\/posts\/199845\/revisions\/199847"}],"wp:featuredmedia":[{"embeddable":true,"href":"https:\/\/corrientesdetarde.com\/index.php\/wp-json\/wp\/v2\/media\/199846"}],"wp:attachment":[{"href":"https:\/\/corrientesdetarde.com\/index.php\/wp-json\/wp\/v2\/media?parent=199845"}],"wp:term":[{"taxonomy":"category","embeddable":true,"href":"https:\/\/corrientesdetarde.com\/index.php\/wp-json\/wp\/v2\/categories?post=199845"},{"taxonomy":"post_tag","embeddable":true,"href":"https:\/\/corrientesdetarde.com\/index.php\/wp-json\/wp\/v2\/tags?post=199845"}],"curies":[{"name":"wp","href":"https:\/\/api.w.org\/{rel}","templated":true}]}}