{"id":199851,"date":"2025-04-01T13:26:44","date_gmt":"2025-04-01T16:26:44","guid":{"rendered":"https:\/\/corrientesdetarde.com\/?p=199851"},"modified":"2025-04-01T13:26:48","modified_gmt":"2025-04-01T16:26:48","slug":"fuerte-advertencia-de-la-union-europea-a-trump-por-la-suba-de-aranceles-tenemos-el-poder-para-contraatacar","status":"publish","type":"post","link":"https:\/\/corrientesdetarde.com\/index.php\/internacionales\/fuerte-advertencia-de-la-union-europea-a-trump-por-la-suba-de-aranceles-tenemos-el-poder-para-contraatacar\/","title":{"rendered":"Fuerte advertencia de la Uni\u00f3n Europea a Trump por la suba de aranceles: \u201cTenemos el poder para contraatacar\u201d"},"content":{"rendered":"\n<p>La presidenta de la Comisi\u00f3n Europea, Ursula von der Leyen, lanz\u00f3 un mensaje dirigido al presidente de EE.UU. \u201cTenemos todo lo necesario para proteger a nuestra gente\u201d, remarc\u00f3.<\/p>\n\n\n\n<p>La presidenta de la Comisi\u00f3n Europea,\u00a0<strong>Ursula von der Leyen<\/strong>, lanz\u00f3 un duro mensaje contra los aranceles anunciados por\u00a0<strong>Donald Trump<\/strong>. \u201cMuchos europeos se sienten profundamente desalentados por los anuncios provenientes de Estados Unidos, pero que quede claro:\u00a0<strong>Europa no ha iniciado este enfrentamiento<\/strong>\u201d, dijo Von der Leyen al hablar ante el plenario del Parlamento Europeo.<\/p>\n\n\n\n<p>\u201dCreemos que es un error. Pero el mensaje que quiero transmitirles hoy es que<strong>&nbsp;tenemos todo lo necesario para proteger a nuestra gente y nuestra prosperidad<\/strong>\u201d, agreg\u00f3.<\/p>\n\n\n\n<p>Von der Leyen destac\u00f3 que la relaci\u00f3n entre la UE y Estados Unidos \u201ces la m\u00e1s grande y pr\u00f3spera del mundo en t\u00e9rminos comerciales, y todos estar\u00edamos mejor si pudi\u00e9ramos encontrar una soluci\u00f3n constructiva\u201d. \u201dNo queremos necesariamente vengarnos, pero&nbsp;<strong>tenemos un plan s\u00f3lido para responder si es necesario<\/strong>\u201d, agreg\u00f3 la presidenta de la Comisi\u00f3n, que avis\u00f3 que ya hay \u201ccontramedidas muy firmes, si fuera necesario\u201d.<\/p>\n\n\n\n<p>\u201dLos aranceles son impuestos que pagar\u00e1 la poblaci\u00f3n. Son impuestos para los estadounidenses sobre sus alimentos y medicamentos. Solo alimentar\u00e1n la inflaci\u00f3n. Exactamente lo contrario de lo que queremos lograr. Las f\u00e1bricas estadounidenses pagar\u00e1n m\u00e1s por componentes producidos en Europa\u201d, dijo.<\/p>\n\n\n\n<p>Para la presidenta de la Comisi\u00f3n, todo esto \u201ccostar\u00e1 empleos, crear\u00e1 un monstruo burocr\u00e1tico de nuevos tr\u00e1mites aduaneros\u201d y \u201cser\u00e1 una pesadilla para todos los importadores estadounidenses\u201d. \u201dHoy nadie necesita eso, ni en Estados Unidos ni en Europa\u201d, a\u00f1adi\u00f3, y pidi\u00f3 a Estados Unidos cooperaci\u00f3n para resolver \u201clos problemas graves en el comercio global\u201d, como la \u201csobrecapacidad, los desequilibrios, los subsidios injustos, la negaci\u00f3n del acceso a los mercados y el robo de propiedad intelectual\u201d.<\/p>\n\n\n\n<figure class=\"wp-block-image\"><img decoding=\"async\" src=\"https:\/\/tn.com.ar\/resizer\/v2\/una-operaria-trabaja-en-la-linea-de-produccion-de-la-planta-de-manufactura-de-autopartes-de-martinrea-en-woodbridge-ontario-fuente-chris-youngthe-canadian-press-via-ap-archivo-YTW5A3SQLIWQMFVR2SEQIXATCY.jpg?auth=094ce7b4db5b31e86f148d545d1d4ed2b988a35a9637b7b452ef340e2db4dcd1&amp;width=767\" alt=\"Una operaria trabaja en la l\u00ednea de producci\u00f3n de la planta de manufactura de autopartes de Martinrea, en Woodbridge, Ontario. Fuente: Chris Young\/The Canadian Press v\u00eda AP, Archivo. \"\/><\/figure>\n\n\n\n<p>\u201dEscucho a los estadounidenses cuando dicen que otros se aprovecharon de las reglas. Estoy de acuerdo. Nosotros tambi\u00e9n lo sufrimos. As\u00ed que entiendo que Estados Unidos quiera reindustrializarse, y lo mismo quiere Europa. Trabajemos en eso. Pero&nbsp;<strong>los aranceles, en general, empeoran las cosas, no las mejoran<\/strong>\u201d, consider\u00f3 Von der Leyen.<\/p>\n\n\n\n<p>Al referirse a la situaci\u00f3n interna de la UE, la titular de la Comisi\u00f3n admiti\u00f3 que \u201chay demasiados obst\u00e1culos en el mercado \u00fanico. Mario Draghi tiene raz\u00f3n cuando dice que \u201clas elevadas barreras internas son mucho m\u00e1s perjudiciales para el crecimiento que cualquier arancel\u2019.<\/p>\n\n\n\n<p>\u201dEl mercado \u00fanico naci\u00f3 para eliminar barreras entre nuestros pa\u00edses. Para eliminar aduanas y aranceles. Y para hacer m\u00e1s f\u00e1cil hacer negocios en Europa. Debemos volver a esa idea y hacerla realidad\u201d, subray\u00f3.<\/p>\n\n\n\n<p>\u201dSeg\u00fan el Fondo Monetario Internacional, las barreras del mercado interno europeo equivalen a un arancel del 45% para la producci\u00f3n y del 110% para los servicios. Simplemente, no puede ser as\u00ed. Esto tiene que cambiar ya. Por eso he encargado al vicepresidente St\u00e9phane S\u00e9journ\u00e9 que el pr\u00f3ximo mes elabore propuestas concretas y valientes para eliminar algunas de estas barreras e impedir la aparici\u00f3n de nuevas\u201d, explic\u00f3.<\/p>\n","protected":false},"excerpt":{"rendered":"<p>La presidenta de la Comisi\u00f3n Europea, Ursula von der Leyen, lanz\u00f3 un mensaje dirigido al presidente de EE.UU. \u201cTenemos todo lo necesario para proteger a nuestra gente\u201d, remarc\u00f3. La presidenta&hellip; <\/p>\n","protected":false},"author":8,"featured_media":199852,"comment_status":"closed","ping_status":"open","sticky":false,"template":"","format":"standard","meta":{"footnotes":""},"categories":[11],"tags":[],"class_list":["post-199851","post","type-post","status-publish","format-standard","has-post-thumbnail","hentry","category-internacionales"],"_links":{"self":[{"href":"https:\/\/corrientesdetarde.com\/index.php\/wp-json\/wp\/v2\/posts\/199851","targetHints":{"allow":["GET"]}}],"collection":[{"href":"https:\/\/corrientesdetarde.com\/index.php\/wp-json\/wp\/v2\/posts"}],"about":[{"href":"https:\/\/corrientesdetarde.com\/index.php\/wp-json\/wp\/v2\/types\/post"}],"author":[{"embeddable":true,"href":"https:\/\/corrientesdetarde.com\/index.php\/wp-json\/wp\/v2\/users\/8"}],"replies":[{"embeddable":true,"href":"https:\/\/corrientesdetarde.com\/index.php\/wp-json\/wp\/v2\/comments?post=199851"}],"version-history":[{"count":1,"href":"https:\/\/corrientesdetarde.com\/index.php\/wp-json\/wp\/v2\/posts\/199851\/revisions"}],"predecessor-version":[{"id":199853,"href":"https:\/\/corrientesdetarde.com\/index.php\/wp-json\/wp\/v2\/posts\/199851\/revisions\/199853"}],"wp:featuredmedia":[{"embeddable":true,"href":"https:\/\/corrientesdetarde.com\/index.php\/wp-json\/wp\/v2\/media\/199852"}],"wp:attachment":[{"href":"https:\/\/corrientesdetarde.com\/index.php\/wp-json\/wp\/v2\/media?parent=199851"}],"wp:term":[{"taxonomy":"category","embeddable":true,"href":"https:\/\/corrientesdetarde.com\/index.php\/wp-json\/wp\/v2\/categories?post=199851"},{"taxonomy":"post_tag","embeddable":true,"href":"https:\/\/corrientesdetarde.com\/index.php\/wp-json\/wp\/v2\/tags?post=199851"}],"curies":[{"name":"wp","href":"https:\/\/api.w.org\/{rel}","templated":true}]}}